{"id":7282,"date":"2020-12-03T12:31:41","date_gmt":"2020-12-03T15:31:41","guid":{"rendered":"https:\/\/tvc16.com\/portal\/?p=7282"},"modified":"2020-12-03T12:31:43","modified_gmt":"2020-12-03T15:31:43","slug":"mais-de-2-mil-capsulas-de-cocaina-sao-apreendidas-no-sao-sebastiao","status":"publish","type":"post","link":"https:\/\/tvc16.com\/portal\/2020\/12\/03\/mais-de-2-mil-capsulas-de-cocaina-sao-apreendidas-no-sao-sebastiao\/","title":{"rendered":"Mais de 2 mil c\u00e1psulas de coca\u00edna s\u00e3o apreendidas no S\u00e3o Sebasti\u00e3o"},"content":{"rendered":"\n<p>Na quarta-feira (02) a Pol\u00edcia Militar recebeu informa\u00e7\u00f5es de que um homem de 21 anos, respons\u00e1vel pelo tr\u00e1fico de drogas no S\u00e3o Sebasti\u00e3o, estava armazenando entorpecentes no quintal de casa, na Rua Vital Brasil. Ao chegarem ao endere\u00e7o indicado a Pol\u00edcia Militar foi recebida pelo irm\u00e3o do acusado, que permitiu a entrada dos agentes. Ap\u00f3s buscas foram encontradas 11 cargas de coca\u00edna, 2.200 c\u00e1psulas da droga (3.423kg), um tablete de maconha (3g) e R$ 220 em dinheiro. Diante disso, o material foi apreendido e levado para a 105\u00aa Delegacia de Pol\u00edcia, no Retiro, onde foi aberto um inqu\u00e9rito contra o acusado.<\/p>\n","protected":false},"excerpt":{"rendered":"<p>Na quarta-feira (02) a Pol\u00edcia Militar recebeu informa\u00e7\u00f5es de que um homem de 21 anos,<\/p>\n","protected":false},"author":2,"featured_media":7283,"comment_status":"open","ping_status":"open","sticky":false,"template":"","format":"standard","meta":{"footnotes":""},"categories":[12],"tags":[],"class_list":["post-7282","post","type-post","status-publish","format-standard","has-post-thumbnail","hentry","category-cidade"],"_links":{"self":[{"href":"https:\/\/tvc16.com\/portal\/wp-json\/wp\/v2\/posts\/7282","targetHints":{"allow":["GET"]}}],"collection":[{"href":"https:\/\/tvc16.com\/portal\/wp-json\/wp\/v2\/posts"}],"about":[{"href":"https:\/\/tvc16.com\/portal\/wp-json\/wp\/v2\/types\/post"}],"author":[{"embeddable":true,"href":"https:\/\/tvc16.com\/portal\/wp-json\/wp\/v2\/users\/2"}],"replies":[{"embeddable":true,"href":"https:\/\/tvc16.com\/portal\/wp-json\/wp\/v2\/comments?post=7282"}],"version-history":[{"count":1,"href":"https:\/\/tvc16.com\/portal\/wp-json\/wp\/v2\/posts\/7282\/revisions"}],"predecessor-version":[{"id":7284,"href":"https:\/\/tvc16.com\/portal\/wp-json\/wp\/v2\/posts\/7282\/revisions\/7284"}],"wp:featuredmedia":[{"embeddable":true,"href":"https:\/\/tvc16.com\/portal\/wp-json\/wp\/v2\/media\/7283"}],"wp:attachment":[{"href":"https:\/\/tvc16.com\/portal\/wp-json\/wp\/v2\/media?parent=7282"}],"wp:term":[{"taxonomy":"category","embeddable":true,"href":"https:\/\/tvc16.com\/portal\/wp-json\/wp\/v2\/categories?post=7282"},{"taxonomy":"post_tag","embeddable":true,"href":"https:\/\/tvc16.com\/portal\/wp-json\/wp\/v2\/tags?post=7282"}],"curies":[{"name":"wp","href":"https:\/\/api.w.org\/{rel}","templated":true}]}}