{"id":7285,"date":"2020-12-03T12:38:05","date_gmt":"2020-12-03T15:38:05","guid":{"rendered":"https:\/\/tvc16.com\/portal\/?p=7285"},"modified":"2020-12-03T13:41:09","modified_gmt":"2020-12-03T16:41:09","slug":"7285","status":"publish","type":"post","link":"https:\/\/tvc16.com\/portal\/2020\/12\/03\/7285\/","title":{"rendered":"Museu Casa do Colono \u00e9 a \u00fanica institui\u00e7\u00e3o brasileira beneficiada com recursos do Fundo Ibermuseus para o Patrim\u00f4nio Museol\u00f3gico 2020"},"content":{"rendered":"\n<p>O Museu Casa do Colono est\u00e1 entre as cinco institui\u00e7\u00f5es que ser\u00e3o contempladas pelo Fundo Ibermuseus para o Patrim\u00f4nio Museol\u00f3gico. \u00c9 a \u00fanica brasileira na lista, que tamb\u00e9m inclui museus da Argentina, Bol\u00edvia, Col\u00f4mbia e Uruguai. Dispon\u00edvel desde 2015, o Fundo \u00e9 uma das principais vias de apoio do Programa Ibermuseus e vem atuando na preserva\u00e7\u00e3o dos museus e investindo recursos na preserva\u00e7\u00e3o e recupera\u00e7\u00e3o do patrim\u00f4nio museol\u00f3gico.<\/p>\n\n\n\n<p>As cinco institui\u00e7\u00f5es contempladas neste ano implementar\u00e3o projetos de conserva\u00e7\u00e3o preventiva, gest\u00e3o de riscos e interven\u00e7\u00f5es espec\u00edficas. No caso do Museu Casa do Colono, o objetivo \u00e9 realizar diagn\u00f3stico e projeto executivo de adequa\u00e7\u00e3o das instala\u00e7\u00f5es el\u00e9tricas, sem interferir na originalidade da edifica\u00e7\u00e3o, transformando o museu em um espa\u00e7o mais din\u00e2mico e interativo, al\u00e9m de dotar a institui\u00e7\u00e3o de melhor infraestrutura para monitoramento das condi\u00e7\u00f5es ambientais e, consequentemente, atender aos padr\u00f5es de seguran\u00e7a.<\/p>\n\n\n\n<p>Para o Coordenador do Museu Casa do Colono, Didayr da Silva, essa premia\u00e7\u00e3o \u00e9 \u201co reconhecimento de muito trabalho e dedica\u00e7\u00e3o dos funcion\u00e1rios do Museu Casa do Colono\u201d. Rodrigo Bueno, diretor-presidente do Instituto Municipal de Cultura e Esportes (IMCE), que administra a institui\u00e7\u00e3o, tamb\u00e9m comemorou a escolha. \u201c\u00c9 um orgulho para Petr\u00f3polis. A institui\u00e7\u00e3o \u00e9 um importante patrim\u00f4nio hist\u00f3rico e cultural da nossa cidade, que conta a nossa hist\u00f3ria\u201d, frisa.<\/p>\n\n\n\n<p>O projeto sob responsabilidade t\u00e9cnica da muse\u00f3loga da Prefeitura de Petr\u00f3polis, Ana Carolina Maciel Vieira, conta com a parceria da Universidade do Estado do Rio de Janeiro \u2013 UERJ, atrav\u00e9s dos professores especialistas e alunos no curso de Arquitetura e Urbanismo, Campus Petr\u00f3polis. O estudo t\u00e9cnico teve in\u00edcio em meados de 2019 com as alunas Alexia Cantreva de G\u00f3es e Beatriz Se Keng Moon, sob a orienta\u00e7\u00e3o da professora Dra. Claudia Mesquita Baima (Doutora em Arquitetura e especialista em restauro arquitet\u00f4nico UFRJ e Universidad Polit\u00e9cnica de Madrid, Espanha) e do professor Dr. Paulo Eduardo Darski Rocha (Engenheiro El\u00e9trico e Doutor em Sistemas de Pot\u00eancia pela COPPE-PEE-UFRJ).<\/p>\n\n\n\n<p>O valor m\u00e1ximo destinado a cada um dos museus selecionados ser\u00e1 aplicado em projetos por tipos de a\u00e7\u00f5es: tr\u00eas projetos de Assist\u00eancia T\u00e9cnica no valor de US$ 4.000 d\u00f3lares cada; dois projetos de interven\u00e7\u00e3o pontual, no valor de US$ 3.000 d\u00f3lares cada.&nbsp; Para chegar aos resultados finais, os membros do Comit\u00ea T\u00e9cnico de Avalia\u00e7\u00e3o, formado por especialistas da Argentina, Brasil, Chile, Col\u00f4mbia, Costa Rica, Espanha e M\u00e9xico, avaliaram cada solicita\u00e7\u00e3o com base em sua relev\u00e2ncia, objetividade, sustentabilidade t\u00e9cnica e financeira, viabilidade econ\u00f4mica e metodologia, classificando tr\u00eas projetos para o desenvolvimento de a\u00e7\u00f5es de assist\u00eancia t\u00e9cnica e dois projetos para a realiza\u00e7\u00e3o de interven\u00e7\u00f5es espec\u00edficas.<\/p>\n\n\n\n<p>Em 2020, os recursos do Fundo deram prioridades aos projetos destinados a mitigar os riscos gerados pela pandemia do novo coronav\u00edrus (Covid-19), o que acarretou o fechamento de muitos museus pelo mundo.<\/p>\n","protected":false},"excerpt":{"rendered":"<p>O Museu Casa do Colono est\u00e1 entre as cinco institui\u00e7\u00f5es que ser\u00e3o contempladas pelo Fundo<\/p>\n","protected":false},"author":2,"featured_media":7288,"comment_status":"open","ping_status":"open","sticky":false,"template":"","format":"standard","meta":{"footnotes":""},"categories":[12],"tags":[],"class_list":["post-7285","post","type-post","status-publish","format-standard","has-post-thumbnail","hentry","category-cidade"],"_links":{"self":[{"href":"https:\/\/tvc16.com\/portal\/wp-json\/wp\/v2\/posts\/7285","targetHints":{"allow":["GET"]}}],"collection":[{"href":"https:\/\/tvc16.com\/portal\/wp-json\/wp\/v2\/posts"}],"about":[{"href":"https:\/\/tvc16.com\/portal\/wp-json\/wp\/v2\/types\/post"}],"author":[{"embeddable":true,"href":"https:\/\/tvc16.com\/portal\/wp-json\/wp\/v2\/users\/2"}],"replies":[{"embeddable":true,"href":"https:\/\/tvc16.com\/portal\/wp-json\/wp\/v2\/comments?post=7285"}],"version-history":[{"count":2,"href":"https:\/\/tvc16.com\/portal\/wp-json\/wp\/v2\/posts\/7285\/revisions"}],"predecessor-version":[{"id":7297,"href":"https:\/\/tvc16.com\/portal\/wp-json\/wp\/v2\/posts\/7285\/revisions\/7297"}],"wp:featuredmedia":[{"embeddable":true,"href":"https:\/\/tvc16.com\/portal\/wp-json\/wp\/v2\/media\/7288"}],"wp:attachment":[{"href":"https:\/\/tvc16.com\/portal\/wp-json\/wp\/v2\/media?parent=7285"}],"wp:term":[{"taxonomy":"category","embeddable":true,"href":"https:\/\/tvc16.com\/portal\/wp-json\/wp\/v2\/categories?post=7285"},{"taxonomy":"post_tag","embeddable":true,"href":"https:\/\/tvc16.com\/portal\/wp-json\/wp\/v2\/tags?post=7285"}],"curies":[{"name":"wp","href":"https:\/\/api.w.org\/{rel}","templated":true}]}}