{"id":72925,"date":"2023-11-28T12:53:03","date_gmt":"2023-11-28T15:53:03","guid":{"rendered":"https:\/\/tvc16.com\/portal\/?p=72925"},"modified":"2023-11-28T12:53:05","modified_gmt":"2023-11-28T15:53:05","slug":"hospital-santa-teresa-promove-1-encontro-da-prematuridade","status":"publish","type":"post","link":"https:\/\/tvc16.com\/portal\/2023\/11\/28\/hospital-santa-teresa-promove-1-encontro-da-prematuridade\/","title":{"rendered":"Hospital Santa Teresa promove 1\u00b0 Encontro da Prematuridade"},"content":{"rendered":"\n<p>Um burburinho diferente se espalhou pela capela do Hospital Santa Teresa durante a missa de Santa Catarina, padroeira da Institui\u00e7\u00e3o. Pequenos ex-pacientes da UTI Neonatal foram as presen\u00e7as ilustres da celebra\u00e7\u00e3o que deu in\u00edcio ao 1\u00b0 Encontro da Prematuridade, que aconteceu no \u00faltimo dia 22. O evento contou com uma roda de conversa, onde as fam\u00edlias puderam reencontrar as equipes que cuidaram dos beb\u00eas durante o per\u00edodo de interna\u00e7\u00e3o e compartilhar as experi\u00eancias vividas. O Novembro Roxo no HST tamb\u00e9m foi marcado pela realiza\u00e7\u00e3o da terceira edi\u00e7\u00e3o do Simp\u00f3sio de Prematuridade.<\/p>\n\n\n\n<p>\u201cFoi uma experi\u00eancia emocionante. Estou muito feliz em poder estar aqui compartilhando esses momentos junto com todos. Sou uma pessoa antes e depois da UTI Neonatal. Agrade\u00e7o por ter vindo para o Hospital Santa Teresa, porque se n\u00e3o fosse aqui, n\u00e3o sei se minha filha teria sobrevivido\u201d, declarou a m\u00e3e Eliza de Oliveira, que ficou com a filha internada durante 21 dias.<\/p>\n\n\n\n<p>\u201cEm nome de todas as m\u00e3es, gostaria de agradecer a toda a equipe da UTI Neonatal. A forma como todos n\u00f3s fomos acolhidos foi a diferen\u00e7a para vencermos este per\u00edodo. Incansavelmente ouviam nosso choro, pacientemente respondiam nossas d\u00favidas. Foi a uni\u00e3o de acolhimento, amor, compet\u00eancia t\u00e9cnica e olhar que enxerga a gente\u201d, enalteceu a m\u00e3e Ana Meireles que ficou com o filho internado durante 47 dias.<\/p>\n\n\n\n<p>O Diretor T\u00e9cnico do HST, o m\u00e9dico Almir Soares J\u00fanior, destacou a import\u00e2ncia do trabalho realizado pela unidade e da realiza\u00e7\u00e3o do encontro: \u201cEstamos profundamente felizes em reunir, pela primeira vez, as fam\u00edlias que tiveram seus beb\u00eas prematuros sob os cuidados da nossa equipe ao longo de quase cinco anos de exist\u00eancia da UTI Neonatal. A unidade se tornou uma refer\u00eancia para toda a regi\u00e3o, oferecendo um tratamento humanizado tanto para os beb\u00eas como para as fam\u00edlias por uma equipe multidisciplinar especializada no cuidado neonatal\u201d.<\/p>\n\n\n\n<p>Para o Gerente Assistencial, M\u00e1rcio Bastos, o motivo que move as equipes \u00e9 ver o sorriso das fam\u00edlias no momento da alta. \u201cLutamos e vibramos junto com as fam\u00edlias por cada pequena conquista, focados no dia em que os beb\u00eas voltar\u00e3o para suas casas. Sabemos da responsabilidade que temos ao cuidar das joias preciosas das fam\u00edlias e, por isso, buscamos a melhoria cont\u00ednua de nossos processos\u201d, comentou Bastos.<\/p>\n\n\n\n<p>Simp\u00f3sio de Prematuridade re\u00fane 135 profissionais de sa\u00fade<\/p>\n\n\n\n<p>Durante dois dias, profissionais de sa\u00fade de Petr\u00f3polis e regi\u00e3o puderam conhecer o trabalho realizado na UTI Neonatal do Hospital Santa Teresa e trocar informa\u00e7\u00f5es sobre os tratamentos e t\u00e9cnicas utilizadas na rotina de cuidados com os prematuros. Mais de cem profissionais participaram do Simp\u00f3sio de Prematuridade que foi aberto ao p\u00fablico.<\/p>\n\n\n\n<p>Entre os temas abordados estavam \u201cA import\u00e2ncia da preven\u00e7\u00e3o e o al\u00edvio da dor\u201d, \u201cAssist\u00eancia nutricional ao prematuro\u201d, \u201cOs dez passos para o cuidado neonatal\u201d, \u201cCuidado paliativo\u201d, \u201cA import\u00e2ncia do contato pele a pele imediato para todos os beb\u00eas\u201d, \u201cA atua\u00e7\u00e3o da fonoaudiologia na UTI Neonatal\u201d, \u201cAssimetrias cranianas e a import\u00e2ncia do posicionamento\u201d e \u201cPerda neonatal\u201d.<\/p>\n\n\n\n<p>\u201cFoi uma troca muito rica. \u00c9 sempre um prazer poder compartilhar os conhecimentos que adquirimos ao longo dos quase cinco anos de exist\u00eancia da UTI Neonatal e Pedi\u00e1trica\u201d, declarou a Supervisora de Enfermagem da unidade, Fl\u00e1via Santos, lembrando que, neste per\u00edodo, 333 beb\u00eas prematuros foram atendidos.<\/p>\n","protected":false},"excerpt":{"rendered":"<p>Um burburinho diferente se espalhou pela capela do Hospital Santa Teresa durante a missa de<\/p>\n","protected":false},"author":2,"featured_media":72926,"comment_status":"open","ping_status":"open","sticky":false,"template":"","format":"standard","meta":{"footnotes":""},"categories":[12],"tags":[],"class_list":["post-72925","post","type-post","status-publish","format-standard","has-post-thumbnail","hentry","category-cidade"],"_links":{"self":[{"href":"https:\/\/tvc16.com\/portal\/wp-json\/wp\/v2\/posts\/72925","targetHints":{"allow":["GET"]}}],"collection":[{"href":"https:\/\/tvc16.com\/portal\/wp-json\/wp\/v2\/posts"}],"about":[{"href":"https:\/\/tvc16.com\/portal\/wp-json\/wp\/v2\/types\/post"}],"author":[{"embeddable":true,"href":"https:\/\/tvc16.com\/portal\/wp-json\/wp\/v2\/users\/2"}],"replies":[{"embeddable":true,"href":"https:\/\/tvc16.com\/portal\/wp-json\/wp\/v2\/comments?post=72925"}],"version-history":[{"count":1,"href":"https:\/\/tvc16.com\/portal\/wp-json\/wp\/v2\/posts\/72925\/revisions"}],"predecessor-version":[{"id":72927,"href":"https:\/\/tvc16.com\/portal\/wp-json\/wp\/v2\/posts\/72925\/revisions\/72927"}],"wp:featuredmedia":[{"embeddable":true,"href":"https:\/\/tvc16.com\/portal\/wp-json\/wp\/v2\/media\/72926"}],"wp:attachment":[{"href":"https:\/\/tvc16.com\/portal\/wp-json\/wp\/v2\/media?parent=72925"}],"wp:term":[{"taxonomy":"category","embeddable":true,"href":"https:\/\/tvc16.com\/portal\/wp-json\/wp\/v2\/categories?post=72925"},{"taxonomy":"post_tag","embeddable":true,"href":"https:\/\/tvc16.com\/portal\/wp-json\/wp\/v2\/tags?post=72925"}],"curies":[{"name":"wp","href":"https:\/\/api.w.org\/{rel}","templated":true}]}}