{"id":72929,"date":"2023-11-28T13:44:12","date_gmt":"2023-11-28T16:44:12","guid":{"rendered":"https:\/\/tvc16.com\/portal\/?p=72929"},"modified":"2023-11-28T13:44:14","modified_gmt":"2023-11-28T16:44:14","slug":"colegio-estadual-de-petropolis-que-abrigou-vitimas-da-maior-tragedia-da-regiao-serrana-ganha-quadra-poliesportiva-coberta","status":"publish","type":"post","link":"https:\/\/tvc16.com\/portal\/2023\/11\/28\/colegio-estadual-de-petropolis-que-abrigou-vitimas-da-maior-tragedia-da-regiao-serrana-ganha-quadra-poliesportiva-coberta\/","title":{"rendered":"Col\u00e9gio Estadual de Petr\u00f3polis que abrigou v\u00edtimas da maior trag\u00e9dia da Regi\u00e3o Serrana ganha quadra poliesportiva coberta"},"content":{"rendered":"\n<p>Na tarde desta segunda-feira (27\/11), a comunidade escolar do Col\u00e9gio Estadual Rui Barbosa, no bairro Alto da Serra, em Petr\u00f3polis, recebeu a visita da secret\u00e1ria de Estado de Educa\u00e7\u00e3o, Roberta Barreto. O encontro teve como objetivo principal a inaugura\u00e7\u00e3o da t\u00e3o aguardada quadra poliesportiva da institui\u00e7\u00e3o, transformando o ambiente escolar e promovendo a pr\u00e1tica esportiva entre os estudantes.<\/p>\n\n\n\n<p>O col\u00e9gio, que \u00e9 conhecido por sua tradi\u00e7\u00e3o e comprometimento com a educa\u00e7\u00e3o, agora conta com espa\u00e7o destinado \u00e0 pr\u00e1tica esportiva adequado, coberto, cercado com gradil e com uma quadra de v\u00f4lei anexa. A unidade serviu como base de apoio durante os recentes desastres naturais na regi\u00e3o, momento em que um gin\u00e1sio coberto fez falta para abrigar os grandes volumes de doa\u00e7\u00f5es enviados. Por isso, o local simboliza n\u00e3o apenas a nova estrutura, mas uma vis\u00e3o renovada para a educa\u00e7\u00e3o na regi\u00e3o.<\/p>\n\n\n\n<p>A secret\u00e1ria Roberta Barreto ressaltou a import\u00e2ncia de investir n\u00e3o apenas em estruturas f\u00edsicas, mas principalmente, no capital humano. Ela lembrou que, apesar de na \u00e9poca estar lotada em outra secretaria de Estado, ela esteve presente no col\u00e9gio durante a trag\u00e9dia e viu de perto as dificuldades.<\/p>\n\n\n\n<p>\u201cEssa foi a primeira escola a abrir as portas para ajudar a popula\u00e7\u00e3o e a quadra ainda n\u00e3o tinha cobertura para abrigar as doa\u00e7\u00f5es. Aquela trag\u00e9dia nos levou a sentimentos profundos, como a gratid\u00e3o por existir essa escola que abrigou a comunidade e o governo que aqui estava trabalhando. A hist\u00f3ria que ser\u00e1 contada \u00e9 que essa quadra, que um dia nos recebeu, agora ir\u00e1 exportar grandes campe\u00f5es de v\u00f4lei, de basquete, e de outras modalidades esportivas\u201d, afirmou a gestora.<\/p>\n\n\n\n<p>Roberta Barreto agradeceu o apoio do secret\u00e1rio de Estado de Governo, Bernardo Rossi, representado por seu assessor, Rodrigo Bueno, que auxiliou a unidade com repasses de verbas para a obra. Tamb\u00e9m estiveram presentes o vereador Dudu, e representantes da Diretoria Regional Serrana I e servidores da Seeduc.<\/p>\n\n\n\n<p>O evento teve apoio e participa\u00e7\u00e3o da presidente e da vice-presidente do Gr\u00eamio Estudantil, Hellen Bernardo e Sophia Toneli, de dezenas de alunos, professores, pais e membros da diretoria. A cerim\u00f4nia tamb\u00e9m contou com um momento art\u00edstico especial, marcando a primeira apresenta\u00e7\u00e3o do coral e da orquestra da escola. Sob os olhares atentos dos presentes, os talentosos alunos mostraram o resultado de incans\u00e1veis ensaios, evidenciando o potencial art\u00edstico da unidade.<\/p>\n\n\n\n<p>A valoriza\u00e7\u00e3o do ensino na regi\u00e3o foi um ponto central tamb\u00e9m nas palavras da diretora da institui\u00e7\u00e3o, professora Patr\u00edcia Imbelloni. Ela destacou a import\u00e2ncia de ter uma quadra coberta para pr\u00e1tica de atividades f\u00edsicas que seja capaz de despertar o interesse e a criatividade dos alunos.<\/p>\n\n\n\n<p>&#8220;Ter esse novo espa\u00e7o \u00e9 muito importante, especialmente por conta da nossa condi\u00e7\u00e3o clim\u00e1tica. Aqui, ou chove muito, ou faz muito sol, o que antes inviabilizava o uso da quadra. Agora, com cobertura e revitaliza\u00e7\u00e3o, vamos poder desenvolver projetos esportivos que estavam parados. Est\u00e3o todos muito felizes, afinal, nossa escola tem 73 anos de hist\u00f3ria viva e colorida\u201d, disse a diretora.<\/p>\n\n\n\n<p>Ao final, a secret\u00e1ria Roberta Barreto participou de uma visita guiada \u00e0s novas instala\u00e7\u00f5es, como o coreto e a horta, e foi convidada a participar de um plantio de tr\u00eas das cinco novas mudas de \u00e1rvore que, em breve, tornar\u00e3o o espa\u00e7o ainda mais belo.<\/p>\n\n\n\n<p>A ideia \u00e9 que todo o complexo se torne um catalisador para o desenvolvimento pedag\u00f3gico e pessoal dos alunos, consolidando o Col\u00e9gio Estadual Rui Barbosa como refer\u00eancia em educa\u00e7\u00e3o na regi\u00e3o e iniciando um novo cap\u00edtulo na hist\u00f3ria da escola, al\u00e9m de refor\u00e7ar o compromisso com a excel\u00eancia educacional e com a valoriza\u00e7\u00e3o do potencial de cada estudante.<\/p>\n","protected":false},"excerpt":{"rendered":"<p>Na tarde desta segunda-feira (27\/11), a comunidade escolar do Col\u00e9gio Estadual Rui Barbosa, no bairro<\/p>\n","protected":false},"author":2,"featured_media":72930,"comment_status":"open","ping_status":"open","sticky":false,"template":"","format":"standard","meta":{"footnotes":""},"categories":[12],"tags":[],"class_list":["post-72929","post","type-post","status-publish","format-standard","has-post-thumbnail","hentry","category-cidade"],"_links":{"self":[{"href":"https:\/\/tvc16.com\/portal\/wp-json\/wp\/v2\/posts\/72929","targetHints":{"allow":["GET"]}}],"collection":[{"href":"https:\/\/tvc16.com\/portal\/wp-json\/wp\/v2\/posts"}],"about":[{"href":"https:\/\/tvc16.com\/portal\/wp-json\/wp\/v2\/types\/post"}],"author":[{"embeddable":true,"href":"https:\/\/tvc16.com\/portal\/wp-json\/wp\/v2\/users\/2"}],"replies":[{"embeddable":true,"href":"https:\/\/tvc16.com\/portal\/wp-json\/wp\/v2\/comments?post=72929"}],"version-history":[{"count":1,"href":"https:\/\/tvc16.com\/portal\/wp-json\/wp\/v2\/posts\/72929\/revisions"}],"predecessor-version":[{"id":72931,"href":"https:\/\/tvc16.com\/portal\/wp-json\/wp\/v2\/posts\/72929\/revisions\/72931"}],"wp:featuredmedia":[{"embeddable":true,"href":"https:\/\/tvc16.com\/portal\/wp-json\/wp\/v2\/media\/72930"}],"wp:attachment":[{"href":"https:\/\/tvc16.com\/portal\/wp-json\/wp\/v2\/media?parent=72929"}],"wp:term":[{"taxonomy":"category","embeddable":true,"href":"https:\/\/tvc16.com\/portal\/wp-json\/wp\/v2\/categories?post=72929"},{"taxonomy":"post_tag","embeddable":true,"href":"https:\/\/tvc16.com\/portal\/wp-json\/wp\/v2\/tags?post=72929"}],"curies":[{"name":"wp","href":"https:\/\/api.w.org\/{rel}","templated":true}]}}