{"id":72936,"date":"2023-11-28T17:34:41","date_gmt":"2023-11-28T20:34:41","guid":{"rendered":"https:\/\/tvc16.com\/portal\/?p=72936"},"modified":"2023-11-28T17:34:42","modified_gmt":"2023-11-28T20:34:42","slug":"comissoes-municipais-de-petropolis-realizam-fiscalizacao-no-transporte-publico","status":"publish","type":"post","link":"https:\/\/tvc16.com\/portal\/2023\/11\/28\/comissoes-municipais-de-petropolis-realizam-fiscalizacao-no-transporte-publico\/","title":{"rendered":"Comiss\u00f5es Municipais de Petr\u00f3polis realizam fiscaliza\u00e7\u00e3o no Transporte P\u00fablico"},"content":{"rendered":"\n<p>Em uma a\u00e7\u00e3o conjunta, a Comiss\u00e3o Permanente do Transporte P\u00fablico e Mobilidade Urbana e a Comiss\u00e3o Especial para a Avalia\u00e7\u00e3o das Concess\u00f5es e Parcerias P\u00fablico-Privadas Municipais da C\u00e2mara de Vereadores realizaram uma fiscaliza\u00e7\u00e3o nesta ter\u00e7a-feira (28) no Terminal Rodovi\u00e1rio do Centro de Petr\u00f3polis. O objetivo era verificar as condi\u00e7\u00f5es dos coletivos que atendem a popula\u00e7\u00e3o, e os resultados revelaram uma s\u00e9rie de problemas preocupantes. <\/p>\n\n\n\n<p>\u201cO objetivo \u00e9 levantar os dados de todos os \u00f4nibus do munic\u00edpio, estamos realizando estas fiscaliza\u00e7\u00f5es desde fevereiro e agora com a troca de v\u00e1rios ve\u00edculos decidimos refazer a fiscaliza\u00e7\u00e3o para obter mais informa\u00e7\u00f5es. O objetivo \u00e9 comprovar que muitos desses coletivos n\u00e3o tem condi\u00e7\u00f5es de estar nas ruas\u201d, disse o vereador e presidente da Comiss\u00e3o Permanente do Transporte P\u00fablico e Mobilidade Urbana, Hingo Hammes.<\/p>\n\n\n\n<p>Durante a opera\u00e7\u00e3o, foi constatado que uma parcela significativa dos ve\u00edculos apresenta s\u00e9rios problemas na estrutura, colocando em risco a seguran\u00e7a dos passageiros. Al\u00e9m disso, chamou a aten\u00e7\u00e3o o estado prec\u00e1rio de diversos pneus, muitos dos quais \u201ccarecas\u201d, representando um perigo iminente nas vias p\u00fablicas.<\/p>\n\n\n\n<figure class=\"wp-block-image size-large\"><img loading=\"lazy\" decoding=\"async\" width=\"1024\" height=\"570\" src=\"https:\/\/tvc16.com\/portal\/wp-content\/uploads\/2023\/11\/WhatsApp-Image-2023-11-28-at-16.51.37-1024x570.jpeg\" alt=\"\" class=\"wp-image-72938\" srcset=\"https:\/\/tvc16.com\/portal\/wp-content\/uploads\/2023\/11\/WhatsApp-Image-2023-11-28-at-16.51.37-1024x570.jpeg 1024w, https:\/\/tvc16.com\/portal\/wp-content\/uploads\/2023\/11\/WhatsApp-Image-2023-11-28-at-16.51.37-300x167.jpeg 300w, https:\/\/tvc16.com\/portal\/wp-content\/uploads\/2023\/11\/WhatsApp-Image-2023-11-28-at-16.51.37-768x428.jpeg 768w, https:\/\/tvc16.com\/portal\/wp-content\/uploads\/2023\/11\/WhatsApp-Image-2023-11-28-at-16.51.37.jpeg 1506w\" sizes=\"auto, (max-width: 1024px) 100vw, 1024px\" \/><\/figure>\n\n\n\n<p>Outra constata\u00e7\u00e3o alarmante foi a pr\u00e1tica de dupla fun\u00e7\u00e3o por parte dos motoristas, que desempenham n\u00e3o apenas o papel de condutores, mas tamb\u00e9m o de cobradores. Essa sobrecarga de fun\u00e7\u00f5es n\u00e3o apenas compromete a qualidade do servi\u00e7o prestado, mas tamb\u00e9m impacta diretamente na seguran\u00e7a dos usu\u00e1rios, uma vez que a aten\u00e7\u00e3o dos motoristas \u00e9 dividida entre as responsabilidades.<\/p>\n\n\n\n<p>A falta de regularidade nas vistorias dos \u00f4nibus tamb\u00e9m foi identificada durante a fiscaliza\u00e7\u00e3o. Muitos ve\u00edculos estavam circulando com as vistorias atrasadas, o que levanta quest\u00f5es sobre a efetividade do sistema de controle e manuten\u00e7\u00e3o dos coletivos. Segundo os vereadores, os ve\u00edculos das empresas Petro Ita e Cascatinha s\u00e3o os que mais apresentam este tipo de irregularidade. \u201cA gente consegue acompanhar v\u00e1rios \u00f4nibus sem o selo da vistoria de 2023 da Companhia Petropolitana de Tr\u00e2nsito e Transportes (CPTrans) e isso mostra que eles circulam sem ter condi\u00e7\u00f5es adequadas, o que coloca a popula\u00e7\u00e3o em risco. Al\u00e9m disso, a maioria dos \u00f4nibus n\u00e3o apresenta a data de fabrica\u00e7\u00e3o e o limite de uso, e isso \u00e9 muito importante. Os itiner\u00e1rios e hor\u00e1rios de \u00f4nibus tamb\u00e9m n\u00e3o est\u00e3o descritos em grande parte dos coletivos de Petr\u00f3polis\u201d, completou a vereadora J\u00falia Casamasso que junto a Coletiva Feminista Popular (PSOL) integram a Comiss\u00e3o Especial para a Avalia\u00e7\u00e3o das Concess\u00f5es e Parcerias P\u00fablico-Privadas Municipais.<\/p>\n\n\n\n<p>Segundo o vereador Eduardo do Blog, que tamb\u00e9m faz parte da Comiss\u00e3o Permanente do Transporte P\u00fablico e Mobilidade Urbana, s\u00e3o necess\u00e1rias melhorias no transporte p\u00fablico contribuam para uma locomo\u00e7\u00e3o mais segura e eficiente para todos os cidad\u00e3os. \u201c\u00c9 uma falta de respeito com a popula\u00e7\u00e3o, est\u00e3o arriscando a vida de quem utiliza o transporte p\u00fablico. \u00c9 necess\u00e1rio quebrar o contrato e tirar essas empresas da cidade\u201d, disse.<\/p>\n\n\n\n<p>Diante dessas constata\u00e7\u00f5es, as comiss\u00f5es afirmaram que ser\u00e3o tomadas medidas imediatas para corrigir as irregularidades encontradas. Os relat\u00f3rios j\u00e1 foram encaminhados para o processo aberto anteriormente no Minist\u00e9rio P\u00fablico do Estado do Rio de Janeiro (MPRJ).<\/p>\n\n\n\n<p> Por Gabriel Faxola\/Foto: TVC<\/p>\n","protected":false},"excerpt":{"rendered":"<p>Em uma a\u00e7\u00e3o conjunta, a Comiss\u00e3o Permanente do Transporte P\u00fablico e Mobilidade Urbana e a<\/p>\n","protected":false},"author":2,"featured_media":72937,"comment_status":"open","ping_status":"open","sticky":false,"template":"","format":"standard","meta":{"footnotes":""},"categories":[12],"tags":[],"class_list":["post-72936","post","type-post","status-publish","format-standard","has-post-thumbnail","hentry","category-cidade"],"_links":{"self":[{"href":"https:\/\/tvc16.com\/portal\/wp-json\/wp\/v2\/posts\/72936","targetHints":{"allow":["GET"]}}],"collection":[{"href":"https:\/\/tvc16.com\/portal\/wp-json\/wp\/v2\/posts"}],"about":[{"href":"https:\/\/tvc16.com\/portal\/wp-json\/wp\/v2\/types\/post"}],"author":[{"embeddable":true,"href":"https:\/\/tvc16.com\/portal\/wp-json\/wp\/v2\/users\/2"}],"replies":[{"embeddable":true,"href":"https:\/\/tvc16.com\/portal\/wp-json\/wp\/v2\/comments?post=72936"}],"version-history":[{"count":1,"href":"https:\/\/tvc16.com\/portal\/wp-json\/wp\/v2\/posts\/72936\/revisions"}],"predecessor-version":[{"id":72939,"href":"https:\/\/tvc16.com\/portal\/wp-json\/wp\/v2\/posts\/72936\/revisions\/72939"}],"wp:featuredmedia":[{"embeddable":true,"href":"https:\/\/tvc16.com\/portal\/wp-json\/wp\/v2\/media\/72937"}],"wp:attachment":[{"href":"https:\/\/tvc16.com\/portal\/wp-json\/wp\/v2\/media?parent=72936"}],"wp:term":[{"taxonomy":"category","embeddable":true,"href":"https:\/\/tvc16.com\/portal\/wp-json\/wp\/v2\/categories?post=72936"},{"taxonomy":"post_tag","embeddable":true,"href":"https:\/\/tvc16.com\/portal\/wp-json\/wp\/v2\/tags?post=72936"}],"curies":[{"name":"wp","href":"https:\/\/api.w.org\/{rel}","templated":true}]}}