{"id":7302,"date":"2020-12-03T17:52:02","date_gmt":"2020-12-03T20:52:02","guid":{"rendered":"https:\/\/tvc16.com\/portal\/?p=7302"},"modified":"2020-12-03T17:52:06","modified_gmt":"2020-12-03T20:52:06","slug":"prefeitura-mantem-higienizacao-de-ruas-nesta-quinta-feira","status":"publish","type":"post","link":"https:\/\/tvc16.com\/portal\/2020\/12\/03\/prefeitura-mantem-higienizacao-de-ruas-nesta-quinta-feira\/","title":{"rendered":"Prefeitura mant\u00e9m higieniza\u00e7\u00e3o de ruas nesta quinta-feira"},"content":{"rendered":"\n<p>Os servi\u00e7os de higieniza\u00e7\u00e3o e desinfec\u00e7\u00e3o de ruas da cidade entrou em mais um dia, com os trabalhos sendo realizados pela Comdep e pela \u00c1guas do Imperador. Essas a\u00e7\u00f5es foram intensificadas e ampliadas nas \u00faltimas semanas com o objetivo de impedir a dissemina\u00e7\u00e3o do novo coronav\u00edrus \u2013 vetor da Covid-19. &nbsp;<\/p>\n\n\n\n<p>Nesta quinta-feira (03) o servi\u00e7o percorreu as ruas da localidade de Manoel Torres, no bairro Bingen, pr\u00f3ximo a Escola Municipal Heitor Borges, onde tamb\u00e9m aconteceu uma a\u00e7\u00e3o de testagem em massa. O prefeito Bernardo Rossi, acompanhado pelo vice-prefeito Baninho, foi conferir de perto o servi\u00e7o.<\/p>\n\n\n\n<p>\u201cTemos feito um trabalho incans\u00e1vel de desinfec\u00e7\u00e3o de ruas, seguindo as orienta\u00e7\u00f5es das autoridades de sa\u00fade, da OMS, das equipes m\u00e9dicas. Recebemos o refor\u00e7o da \u00c1guas do Imperador para atender do Centro at\u00e9 a Posse, Pedro do Rio, todos os distritos. Continuamos na luta contra o coronav\u00edrus e para salvar vidas\u201d, garante o prefeito Bernardo Rossi.<\/p>\n\n\n\n<p>Bernardo Rossi ainda lembrou que as pessoas devem continuar cuidando de sua higiene pessoal e manter o distanciamento social. \u201cCada pessoa tamb\u00e9m deve fazer a sua parte, lavando as m\u00e3os e usando \u00e1lcool em gel. Todo esse cuidado \u00e9 para proteger a popula\u00e7\u00e3o contra o coronav\u00edrus. Estamos fazendo tudo que \u00e9 poss\u00edvel para que a cidade ven\u00e7a a luta contra a doen\u00e7a\u201d, ressalta o prefeito.<\/p>\n\n\n\n<figure class=\"wp-block-image size-large\"><img loading=\"lazy\" decoding=\"async\" width=\"1024\" height=\"683\" src=\"https:\/\/tvc16.com\/portal\/wp-content\/uploads\/2020\/12\/WhatsApp-Image-2020-12-03-at-15_12_07-1024x683.jpeg\" alt=\"\" class=\"wp-image-7303\" srcset=\"https:\/\/tvc16.com\/portal\/wp-content\/uploads\/2020\/12\/WhatsApp-Image-2020-12-03-at-15_12_07-1024x683.jpeg 1024w, https:\/\/tvc16.com\/portal\/wp-content\/uploads\/2020\/12\/WhatsApp-Image-2020-12-03-at-15_12_07-300x200.jpeg 300w, https:\/\/tvc16.com\/portal\/wp-content\/uploads\/2020\/12\/WhatsApp-Image-2020-12-03-at-15_12_07-768x512.jpeg 768w, https:\/\/tvc16.com\/portal\/wp-content\/uploads\/2020\/12\/WhatsApp-Image-2020-12-03-at-15_12_07-900x600.jpeg 900w, https:\/\/tvc16.com\/portal\/wp-content\/uploads\/2020\/12\/WhatsApp-Image-2020-12-03-at-15_12_07.jpeg 1280w\" sizes=\"auto, (max-width: 1024px) 100vw, 1024px\" \/><\/figure>\n","protected":false},"excerpt":{"rendered":"<p>Os servi\u00e7os de higieniza\u00e7\u00e3o e desinfec\u00e7\u00e3o de ruas da cidade entrou em mais um dia,<\/p>\n","protected":false},"author":2,"featured_media":7304,"comment_status":"open","ping_status":"open","sticky":false,"template":"","format":"standard","meta":{"footnotes":""},"categories":[12],"tags":[],"class_list":["post-7302","post","type-post","status-publish","format-standard","has-post-thumbnail","hentry","category-cidade"],"_links":{"self":[{"href":"https:\/\/tvc16.com\/portal\/wp-json\/wp\/v2\/posts\/7302","targetHints":{"allow":["GET"]}}],"collection":[{"href":"https:\/\/tvc16.com\/portal\/wp-json\/wp\/v2\/posts"}],"about":[{"href":"https:\/\/tvc16.com\/portal\/wp-json\/wp\/v2\/types\/post"}],"author":[{"embeddable":true,"href":"https:\/\/tvc16.com\/portal\/wp-json\/wp\/v2\/users\/2"}],"replies":[{"embeddable":true,"href":"https:\/\/tvc16.com\/portal\/wp-json\/wp\/v2\/comments?post=7302"}],"version-history":[{"count":1,"href":"https:\/\/tvc16.com\/portal\/wp-json\/wp\/v2\/posts\/7302\/revisions"}],"predecessor-version":[{"id":7305,"href":"https:\/\/tvc16.com\/portal\/wp-json\/wp\/v2\/posts\/7302\/revisions\/7305"}],"wp:featuredmedia":[{"embeddable":true,"href":"https:\/\/tvc16.com\/portal\/wp-json\/wp\/v2\/media\/7304"}],"wp:attachment":[{"href":"https:\/\/tvc16.com\/portal\/wp-json\/wp\/v2\/media?parent=7302"}],"wp:term":[{"taxonomy":"category","embeddable":true,"href":"https:\/\/tvc16.com\/portal\/wp-json\/wp\/v2\/categories?post=7302"},{"taxonomy":"post_tag","embeddable":true,"href":"https:\/\/tvc16.com\/portal\/wp-json\/wp\/v2\/tags?post=7302"}],"curies":[{"name":"wp","href":"https:\/\/api.w.org\/{rel}","templated":true}]}}