{"id":73042,"date":"2023-11-30T13:31:01","date_gmt":"2023-11-30T16:31:01","guid":{"rendered":"https:\/\/tvc16.com\/portal\/?p=73042"},"modified":"2023-11-30T13:31:02","modified_gmt":"2023-11-30T16:31:02","slug":"3o-feirao-emprega-tere-no-sao-pedro-registra-382-atendimentos-em-um-dia","status":"publish","type":"post","link":"https:\/\/tvc16.com\/portal\/2023\/11\/30\/3o-feirao-emprega-tere-no-sao-pedro-registra-382-atendimentos-em-um-dia\/","title":{"rendered":"3\u00ba Feir\u00e3o Emprega Ter\u00ea no S\u00e3o Pedro registra 382 atendimentos em um dia"},"content":{"rendered":"\n<p>Aberta nesta&nbsp;quarta-feira, 29\/11, a terceira edi\u00e7\u00e3o do&nbsp;Feir\u00e3o&nbsp;Emprega Ter\u00ea&nbsp;registrou&nbsp;382 atendimentos no primeiro dia de funcionamento.&nbsp;Com&nbsp;realiza\u00e7\u00e3o da&nbsp;&nbsp;Prefeitura de Teres\u00f3polis\/Secretaria Municipal de Trabalho, Emprego e Economia Solid\u00e1ria, o evento continua nestas quinta, 30\/11, e&nbsp;sexta, 01\/12,&nbsp;das&nbsp;10h \u00e0s 16h,&nbsp;na&nbsp;Pra\u00e7a dos Expedicion\u00e1rios, no bairro de S\u00e3o Pedro.<\/p>\n\n\n\n<p>O p\u00fablico pode se&nbsp;cadastrar para vagas de trabalho, ser encaminhado para entrevistas de emprego, solicitar a&nbsp;emiss\u00e3o de documentos, se inscrever em&nbsp;cursos de capacita\u00e7\u00e3o profissional, ter acesso a servi\u00e7os de sa\u00fade, cortar o&nbsp; cabelo e fazer massagem corporal.<\/p>\n\n\n\n<p>Os atendimentos gratuitos&nbsp;s\u00e3o prestados pelas&nbsp;equipes das secretarias&nbsp;municipais de Trabalho, de&nbsp;Assist\u00eancia Social e Direitos Humanos, de&nbsp;Sa\u00fade e da Ouvidoria Geral e de institui\u00e7\u00f5es parceiras, como a Funda\u00e7\u00e3o Le\u00e3o XIII e Unopar. Firjan e&nbsp;IFRJ&nbsp;(Instituto Federal de Educa\u00e7\u00e3o, Ci\u00eancia e Tecnologia do Estado do Rio de Janeiro) inscrevem para os&nbsp;cursos gratuitos&nbsp;de Assistente Administrativo, de&nbsp;Almoxarife, de&nbsp;Balconista de Farm\u00e1cia, de Assistente Administrativo&nbsp;e de Microempreendedor Individual, realizados&nbsp;na Casa do Trabalhador de Teres\u00f3polis.<\/p>\n\n\n\n<p><strong>Balan\u00e7o do&nbsp;<\/strong><strong>dia 29\/11<\/strong><strong><br>&nbsp;<\/strong><strong>\u2022<\/strong><strong>&nbsp;382 atendimentos , sendo:<\/strong>&nbsp;<strong><br>&nbsp;<\/strong>SINE: 170<br>&nbsp;Entrevista de candidatos a emprego (FESO): 31<br>&nbsp;Funda\u00e7\u00e3o Le\u00e3o XIII: 15<br>&nbsp;Ouvidoria Geral: 10<br>&nbsp;Sa\u00fade (aferi\u00e7\u00e3o de press\u00e3o arterial\/glicemia capitar): 28<br>&nbsp;IFRJ: 11&nbsp;<br>&nbsp;Unopar: 75<br>&nbsp;Corte de cabelo feminino: 15<br>&nbsp;Corte de cabelo masculino: 09<br>&nbsp;Massagem corporal: 18<\/p>\n\n\n\n<p><em><strong>Fotos: Bruno Nepomuceno<\/strong><\/em><\/p>\n\n\n\n<p><em><strong>(AscomPMT &#8211; 30\/11\/2023)<\/strong><\/em><\/p>\n","protected":false},"excerpt":{"rendered":"<p>Aberta nesta&nbsp;quarta-feira, 29\/11, a terceira edi\u00e7\u00e3o do&nbsp;Feir\u00e3o&nbsp;Emprega Ter\u00ea&nbsp;registrou&nbsp;382 atendimentos no primeiro dia de funcionamento.&nbsp;Com&nbsp;realiza\u00e7\u00e3o da&nbsp;&nbsp;Prefeitura<\/p>\n","protected":false},"author":2,"featured_media":73043,"comment_status":"open","ping_status":"open","sticky":false,"template":"","format":"standard","meta":{"footnotes":""},"categories":[17],"tags":[],"class_list":["post-73042","post","type-post","status-publish","format-standard","has-post-thumbnail","hentry","category-outras-noticias"],"_links":{"self":[{"href":"https:\/\/tvc16.com\/portal\/wp-json\/wp\/v2\/posts\/73042","targetHints":{"allow":["GET"]}}],"collection":[{"href":"https:\/\/tvc16.com\/portal\/wp-json\/wp\/v2\/posts"}],"about":[{"href":"https:\/\/tvc16.com\/portal\/wp-json\/wp\/v2\/types\/post"}],"author":[{"embeddable":true,"href":"https:\/\/tvc16.com\/portal\/wp-json\/wp\/v2\/users\/2"}],"replies":[{"embeddable":true,"href":"https:\/\/tvc16.com\/portal\/wp-json\/wp\/v2\/comments?post=73042"}],"version-history":[{"count":1,"href":"https:\/\/tvc16.com\/portal\/wp-json\/wp\/v2\/posts\/73042\/revisions"}],"predecessor-version":[{"id":73044,"href":"https:\/\/tvc16.com\/portal\/wp-json\/wp\/v2\/posts\/73042\/revisions\/73044"}],"wp:featuredmedia":[{"embeddable":true,"href":"https:\/\/tvc16.com\/portal\/wp-json\/wp\/v2\/media\/73043"}],"wp:attachment":[{"href":"https:\/\/tvc16.com\/portal\/wp-json\/wp\/v2\/media?parent=73042"}],"wp:term":[{"taxonomy":"category","embeddable":true,"href":"https:\/\/tvc16.com\/portal\/wp-json\/wp\/v2\/categories?post=73042"},{"taxonomy":"post_tag","embeddable":true,"href":"https:\/\/tvc16.com\/portal\/wp-json\/wp\/v2\/tags?post=73042"}],"curies":[{"name":"wp","href":"https:\/\/api.w.org\/{rel}","templated":true}]}}