{"id":73045,"date":"2023-11-30T14:01:45","date_gmt":"2023-11-30T17:01:45","guid":{"rendered":"https:\/\/tvc16.com\/portal\/?p=73045"},"modified":"2023-11-30T14:01:47","modified_gmt":"2023-11-30T17:01:47","slug":"pela-1a-vez-brasil-tem-mais-de-100-milhoes-de-trabalhadores-ocupados","status":"publish","type":"post","link":"https:\/\/tvc16.com\/portal\/2023\/11\/30\/pela-1a-vez-brasil-tem-mais-de-100-milhoes-de-trabalhadores-ocupados\/","title":{"rendered":"Pela 1\u00aa vez, Brasil tem mais de 100 milh\u00f5es de trabalhadores ocupados"},"content":{"rendered":"\n<h3 class=\"wp-block-heading\">Desemprego de 7,6% \u00e9 o menor desde 2015, mostra IBGE<\/h3>\n\n\n\n<h4 class=\"wp-block-heading\">Por Bruno de Freitas Moura &#8211; Rep\u00f3rter da Ag\u00eancia Brasil &#8211; Rio de Janeiro<audio src=\"https:\/\/tts-app.ebc.com.br\/media\/tts\/213655.mp3\"><\/audio><\/h4>\n\n\n\n<p>O Brasil ultrapassou a marca de 100 milh\u00f5es de trabalhadores ocupados desde o in\u00edcio&nbsp;da s\u00e9rie hist\u00f3rica da Pesquisa Nacional por Amostra de Domic\u00edlios Cont\u00ednua (Pnad Cont\u00ednua) do Instituto Brasileiro de Geografia e Estat\u00edstica (IBGE). O levantamento, divulgado nesta quinta-feira (30), mostra&nbsp;o n\u00famero recorde de 100,2 milh\u00f5es de pessoas, um acr\u00e9scimo de 862 mil nos \u00faltimos tr\u00eas meses.<img decoding=\"async\" src=\"https:\/\/agenciabrasil.ebc.com.br\/ebc.png?id=1569716&amp;o=node\"><img decoding=\"async\" src=\"https:\/\/agenciabrasil.ebc.com.br\/ebc.gif?id=1569716&amp;o=node\"><\/p>\n\n\n\n<p>A taxa de desocupa\u00e7\u00e3o no trimestre de agosto a outubro ficou em 7,6%, a menor desde&nbsp;o trimestre encerrado em fevereiro de 2015, quando era 7,5%. O \u00edndice representa recuo de 0,3 ponto percentual em rela\u00e7\u00e3o \u00e0 m\u00e9dia de maio a julho de 2023. No mesmo per\u00edodo do ano passado, a taxa era 8,3%.<\/p>\n\n\n\n<p>O n\u00famero de desocupados caiu 261 mil, atingindo 8,3 milh\u00f5es de pessoas, com recuo de 3,6% ante o trimestre anterior.&nbsp;<\/p>\n\n\n\n<h2 class=\"wp-block-heading\">Carteira assinada&nbsp;<\/h2>\n\n\n\n<p>O n\u00famero de empregados com carteira de trabalho no setor privado (excluindo trabalhadores dom\u00e9sticos) chegou a 37,4 milh\u00f5es, o maior desde janeiro de 2015. Esse dado representa saldo positivo de 587 mil pessoas (+1,6%) com carteira assinada nos \u00faltimos tr\u00eas meses.<\/p>\n\n\n\n<p>O n\u00famero de trabalhadores por conta pr\u00f3pria alcan\u00e7ou 25,6 milh\u00f5es de pessoas, um aumento de 317 mil (+1,3%) na mesma compara\u00e7\u00e3o.&nbsp;<\/p>\n\n\n\n<p>\u201cIsso mostra que tanto empregados quanto&nbsp;trabalhadores por conta pr\u00f3pria contribu\u00edram para a expans\u00e3o da ocupa\u00e7\u00e3o no trimestre\u201d, explica Adriana Beringuy, coordenadora de Pesquisas por Amostra de Domic\u00edlios do IBGE.<\/p>\n\n\n\n<p>A taxa de informalidade foi de 39,1% da popula\u00e7\u00e3o ocupada (ou 39,2 milh\u00f5es de trabalhadores informais), est\u00e1vel&nbsp;em rela\u00e7\u00e3o ao ano passado.&nbsp;<\/p>\n\n\n\n<p><strong><a href=\"https:\/\/agenciabrasil.ebc.com.br\/es\/economia\/noticia\/2023-11\/record-brasil-tiene-mas-de-100-millones-de-trabajadores-ocupados\" target=\"_blank\" rel=\"noreferrer noopener\">&gt;&gt; Lea en Espa\u00f1ol:&nbsp;Brasil tiene m\u00e1s de 100 millones de trabajadores ocupados<\/a><\/strong><\/p>\n\n\n\n<h2 class=\"wp-block-heading\">Rendimento<\/h2>\n\n\n\n<p>O rendimento m\u00e9dio real do trabalhador foi estimado em R$ 2.999, com alta de 1,7% em rela\u00e7\u00e3o ao trimestre encerrado em junho e de 3,9% ante o mesmo per\u00edodo do ano passado. \u00c9 a maior cifra desde o trimestre encerrado em julho de 2020 (R$ 3.152).&nbsp;<\/p>\n\n\n\n<p>O IBGE atribui&nbsp;essa evolu\u00e7\u00e3o \u00e0 expans\u00e3o continuada entre ocupados com carteira assinada, ocupa\u00e7\u00e3o normalmente com rendimentos maiores. \u201cA leitura que podemos fazer \u00e9 que h\u00e1 um ganho quantitativo, com aumento da popula\u00e7\u00e3o ocupada, e qualitativo, com o aumento do rendimento m\u00e9dio&#8221;, diz Beringuy.<\/p>\n\n\n\n<p>Edi\u00e7\u00e3o: Gra\u00e7a Adjuto<\/p>\n","protected":false},"excerpt":{"rendered":"<p>Desemprego de 7,6% \u00e9 o menor desde 2015, mostra IBGE Por Bruno de Freitas Moura<\/p>\n","protected":false},"author":2,"featured_media":73046,"comment_status":"open","ping_status":"open","sticky":false,"template":"","format":"standard","meta":{"footnotes":""},"categories":[17],"tags":[],"class_list":["post-73045","post","type-post","status-publish","format-standard","has-post-thumbnail","hentry","category-outras-noticias"],"_links":{"self":[{"href":"https:\/\/tvc16.com\/portal\/wp-json\/wp\/v2\/posts\/73045","targetHints":{"allow":["GET"]}}],"collection":[{"href":"https:\/\/tvc16.com\/portal\/wp-json\/wp\/v2\/posts"}],"about":[{"href":"https:\/\/tvc16.com\/portal\/wp-json\/wp\/v2\/types\/post"}],"author":[{"embeddable":true,"href":"https:\/\/tvc16.com\/portal\/wp-json\/wp\/v2\/users\/2"}],"replies":[{"embeddable":true,"href":"https:\/\/tvc16.com\/portal\/wp-json\/wp\/v2\/comments?post=73045"}],"version-history":[{"count":1,"href":"https:\/\/tvc16.com\/portal\/wp-json\/wp\/v2\/posts\/73045\/revisions"}],"predecessor-version":[{"id":73047,"href":"https:\/\/tvc16.com\/portal\/wp-json\/wp\/v2\/posts\/73045\/revisions\/73047"}],"wp:featuredmedia":[{"embeddable":true,"href":"https:\/\/tvc16.com\/portal\/wp-json\/wp\/v2\/media\/73046"}],"wp:attachment":[{"href":"https:\/\/tvc16.com\/portal\/wp-json\/wp\/v2\/media?parent=73045"}],"wp:term":[{"taxonomy":"category","embeddable":true,"href":"https:\/\/tvc16.com\/portal\/wp-json\/wp\/v2\/categories?post=73045"},{"taxonomy":"post_tag","embeddable":true,"href":"https:\/\/tvc16.com\/portal\/wp-json\/wp\/v2\/tags?post=73045"}],"curies":[{"name":"wp","href":"https:\/\/api.w.org\/{rel}","templated":true}]}}