{"id":7309,"date":"2020-12-03T18:06:20","date_gmt":"2020-12-03T21:06:20","guid":{"rendered":"https:\/\/tvc16.com\/portal\/?p=7309"},"modified":"2020-12-03T18:06:23","modified_gmt":"2020-12-03T21:06:23","slug":"prefeito-bernardo-rossi-amplia-estrategia-de-combate-ao-coronavirus-na-cidade","status":"publish","type":"post","link":"https:\/\/tvc16.com\/portal\/2020\/12\/03\/prefeito-bernardo-rossi-amplia-estrategia-de-combate-ao-coronavirus-na-cidade\/","title":{"rendered":"Prefeito Bernardo Rossi amplia estrat\u00e9gia de combate ao Coronav\u00edrus na cidade"},"content":{"rendered":"\n<p><em>Fortalecimento aos pontos de apoio, amplia\u00e7\u00e3o das testagens e planejamento da vacina\u00e7\u00e3o contra o v\u00edrus j\u00e1 tiveram in\u00edcio no munic\u00edpio<\/em><\/p>\n\n\n\n<p>O prefeito Bernardo Rossi anunciou, na manh\u00e3 desta quinta-feira (03), a amplia\u00e7\u00e3o das medidas de combate \u00e0 COVID-19 na cidade. As a\u00e7\u00f5es t\u00eam como objetivo manter o munic\u00edpio seguro e diminuir os recentes \u00edndices de interna\u00e7\u00e3o provocados pela doen\u00e7a. A partir de hoje, os pontos de apoio do Centro da cidade e Itaipava v\u00e3o contar com mais tendas e cadeiras, para melhor atender ao elevado n\u00famero de pessoas que buscam aux\u00edlio nos locais. Apenas nesta quarta-feira (02\/12), aproximadamente 400 pessoas foram atendidas em ambos os pontos, fazendo com que mais profissionais m\u00e9dicos fossem remanejados para prestar aux\u00edlio nos procedimentos.<\/p>\n\n\n\n<p>Al\u00e9m da amplia\u00e7\u00e3o da testagem em massa em pontos fixos e de casa em casa, exames de PCR (SWAB) feitos, hoje, no Centro de Sa\u00fade e nos pontos de apoio, poder\u00e3o ser realizados em mais quatro unidades de sa\u00fade: Itamarati, Pedro do Rio, Quitandinha e Mosela. A prefeitura vai ampliar, ainda, as a\u00e7\u00f5es de conscientiza\u00e7\u00e3o da popula\u00e7\u00e3o atrav\u00e9s de carros de som em ruas e bairros da cidade. A\u00e7\u00f5es de desinfec\u00e7\u00e3o de ruas e locais p\u00fablicos tamb\u00e9m ser\u00e3o estendidas a todos os pontos de grande circula\u00e7\u00e3o de pessoas no munic\u00edpio. Nas garagens, \u00f4nibus ser\u00e3o rigorosamente higienizados pelas equipes de sa\u00fade. Em reuni\u00e3o com secret\u00e1rios, o prefeito cobrou que a mobiliza\u00e7\u00e3o e os esfor\u00e7os sejam intensificados para que a popula\u00e7\u00e3o permane\u00e7a protegida da pandemia.<\/p>\n\n\n\n<figure class=\"wp-block-image size-large\"><img loading=\"lazy\" decoding=\"async\" width=\"1024\" height=\"682\" src=\"https:\/\/tvc16.com\/portal\/wp-content\/uploads\/2020\/12\/WhatsApp-Image-2020-12-03-at-12_04_50-1-1024x682.jpeg\" alt=\"\" class=\"wp-image-7310\" srcset=\"https:\/\/tvc16.com\/portal\/wp-content\/uploads\/2020\/12\/WhatsApp-Image-2020-12-03-at-12_04_50-1-1024x682.jpeg 1024w, https:\/\/tvc16.com\/portal\/wp-content\/uploads\/2020\/12\/WhatsApp-Image-2020-12-03-at-12_04_50-1-300x200.jpeg 300w, https:\/\/tvc16.com\/portal\/wp-content\/uploads\/2020\/12\/WhatsApp-Image-2020-12-03-at-12_04_50-1-768x512.jpeg 768w, https:\/\/tvc16.com\/portal\/wp-content\/uploads\/2020\/12\/WhatsApp-Image-2020-12-03-at-12_04_50-1-900x600.jpeg 900w, https:\/\/tvc16.com\/portal\/wp-content\/uploads\/2020\/12\/WhatsApp-Image-2020-12-03-at-12_04_50-1.jpeg 1280w\" sizes=\"auto, (max-width: 1024px) 100vw, 1024px\" \/><figcaption>Bernardo Rossi e o vice-prefeito Baninho<\/figcaption><\/figure>\n\n\n\n<p>\u201cVamos intensificar todas as nossas a\u00e7\u00f5es para que a popula\u00e7\u00e3o continue protegida. Desde o in\u00edcio da pandemia temos trabalhado para salvar vidas na cidade e manteremos nosso compromisso. Amplia\u00e7\u00e3o dos testes r\u00e1pidos e PCR, amplia\u00e7\u00e3o do n\u00famero de leitos em caso de necessidade, desinfec\u00e7\u00e3o de ruas e locais p\u00fablicos e a\u00e7\u00f5es de conscientiza\u00e7\u00e3o \u00e0 popula\u00e7\u00e3o. Estamos fortalecendo a sa\u00fade em Petr\u00f3polis\u201d, afirmou o prefeito.<\/p>\n\n\n\n<p>Bernardo Rossi anunciou, ainda, que todos os protocolos para o in\u00edcio da vacina\u00e7\u00e3o contra o novo coronav\u00edrus j\u00e1 tiveram in\u00edcio na cidade. \u201cA Secretaria Estadual de Sa\u00fade j\u00e1 entrou em contato com nosso munic\u00edpio trazendo orienta\u00e7\u00f5es a respeito da vacina\u00e7\u00e3o. Mesmo sem uma data prevista, j\u00e1 pedimos prioridade ao Governo Federal para o envio das doses levando em considera\u00e7\u00e3o o elevado n\u00famero de idosos na cidade. Vamos vacinar as pessoas em casa. O Minist\u00e9rio da Sa\u00fade tamb\u00e9m nos enviou informa\u00e7\u00f5es a respeito das prioridades de vacina\u00e7\u00e3o em idosos e profissionais da sa\u00fade, n\u00e3o apenas em Petr\u00f3polis, mas em todo o pa\u00eds. Vamos vencer essa pandemia, mas continuamos pedindo a colabora\u00e7\u00e3o de todos\u201d, finalizou o prefeito.<\/p>\n","protected":false},"excerpt":{"rendered":"<p>Fortalecimento aos pontos de apoio, amplia\u00e7\u00e3o das testagens e planejamento da vacina\u00e7\u00e3o contra o v\u00edrus<\/p>\n","protected":false},"author":2,"featured_media":7311,"comment_status":"open","ping_status":"open","sticky":false,"template":"","format":"standard","meta":{"footnotes":""},"categories":[12],"tags":[],"class_list":["post-7309","post","type-post","status-publish","format-standard","has-post-thumbnail","hentry","category-cidade"],"_links":{"self":[{"href":"https:\/\/tvc16.com\/portal\/wp-json\/wp\/v2\/posts\/7309","targetHints":{"allow":["GET"]}}],"collection":[{"href":"https:\/\/tvc16.com\/portal\/wp-json\/wp\/v2\/posts"}],"about":[{"href":"https:\/\/tvc16.com\/portal\/wp-json\/wp\/v2\/types\/post"}],"author":[{"embeddable":true,"href":"https:\/\/tvc16.com\/portal\/wp-json\/wp\/v2\/users\/2"}],"replies":[{"embeddable":true,"href":"https:\/\/tvc16.com\/portal\/wp-json\/wp\/v2\/comments?post=7309"}],"version-history":[{"count":1,"href":"https:\/\/tvc16.com\/portal\/wp-json\/wp\/v2\/posts\/7309\/revisions"}],"predecessor-version":[{"id":7312,"href":"https:\/\/tvc16.com\/portal\/wp-json\/wp\/v2\/posts\/7309\/revisions\/7312"}],"wp:featuredmedia":[{"embeddable":true,"href":"https:\/\/tvc16.com\/portal\/wp-json\/wp\/v2\/media\/7311"}],"wp:attachment":[{"href":"https:\/\/tvc16.com\/portal\/wp-json\/wp\/v2\/media?parent=7309"}],"wp:term":[{"taxonomy":"category","embeddable":true,"href":"https:\/\/tvc16.com\/portal\/wp-json\/wp\/v2\/categories?post=7309"},{"taxonomy":"post_tag","embeddable":true,"href":"https:\/\/tvc16.com\/portal\/wp-json\/wp\/v2\/tags?post=7309"}],"curies":[{"name":"wp","href":"https:\/\/api.w.org\/{rel}","templated":true}]}}