{"id":7320,"date":"2020-12-03T18:30:25","date_gmt":"2020-12-03T21:30:25","guid":{"rendered":"https:\/\/tvc16.com\/portal\/?p=7320"},"modified":"2020-12-03T18:30:27","modified_gmt":"2020-12-03T21:30:27","slug":"defesa-civil-anuncia-para-o-proximo-dia-10-lancamento-do-plano-verao-de-petropolis-2021","status":"publish","type":"post","link":"https:\/\/tvc16.com\/portal\/2020\/12\/03\/defesa-civil-anuncia-para-o-proximo-dia-10-lancamento-do-plano-verao-de-petropolis-2021\/","title":{"rendered":"Defesa Civil anuncia, para o pr\u00f3ximo dia 10, lan\u00e7amento do Plano Ver\u00e3o de Petr\u00f3polis 2021"},"content":{"rendered":"\n<p><\/p>\n\n\n\n<p><em>Plano tem como objetivo a preven\u00e7\u00e3o e orienta\u00e7\u00e3o \u00e0 popula\u00e7\u00e3o de como agir diante de chuvas fortes<\/em><\/p>\n\n\n\n<p>A Secretaria de Defesa Civil e A\u00e7\u00f5es Volunt\u00e1rias informou na tarde desta quinta-feira (03) a data de lan\u00e7amento do Plano Ver\u00e3o de Petr\u00f3polis para 2021, que ocorrer\u00e1 no dia 10 de dezembro. O novo calend\u00e1rio j\u00e1 est\u00e1 em vigor com visitas preventivas agendadas para os pr\u00f3ximos dias.<\/p>\n\n\n\n<p>Ao todo, o cronograma de preven\u00e7\u00e3o da Defesa Civil atende 12 comunidades, totalizando 15 pontos de apoio e 20 conjuntos de sirenes que comp\u00f5em o Sistema de Alerta e Alarme contra chuvas fortes.<\/p>\n\n\n\n<p>As visitas aos 15 pontos de apoio come\u00e7am a partir desta sexta-feira 04\/12 no Vale do Cuiab\u00e1 e Boa Esperan\u00e7a no distrito de Itaipava, al\u00e9m da Rua 24 de Maio no Centro e Rua Teresa no Alto da Serra. O trabalho de preven\u00e7\u00e3o \u00e9 realizado desde 2017 e \u00e9 considerado fundamental para salvar vidas. Retornando ao cargo de Secret\u00e1rio de Defesa Civil ap\u00f3s os compromissos eleitorais, o Coronel Paulo Renato Vaz falou sobre a a\u00e7\u00e3o.<\/p>\n\n\n\n<figure class=\"wp-block-image size-large\"><img loading=\"lazy\" decoding=\"async\" width=\"1024\" height=\"682\" src=\"https:\/\/tvc16.com\/portal\/wp-content\/uploads\/2020\/12\/Defesa-Civil-2-1024x682.jpeg\" alt=\"\" class=\"wp-image-7321\" srcset=\"https:\/\/tvc16.com\/portal\/wp-content\/uploads\/2020\/12\/Defesa-Civil-2-1024x682.jpeg 1024w, https:\/\/tvc16.com\/portal\/wp-content\/uploads\/2020\/12\/Defesa-Civil-2-300x200.jpeg 300w, https:\/\/tvc16.com\/portal\/wp-content\/uploads\/2020\/12\/Defesa-Civil-2-768x512.jpeg 768w, https:\/\/tvc16.com\/portal\/wp-content\/uploads\/2020\/12\/Defesa-Civil-2-900x600.jpeg 900w, https:\/\/tvc16.com\/portal\/wp-content\/uploads\/2020\/12\/Defesa-Civil-2.jpeg 1280w\" sizes=\"auto, (max-width: 1024px) 100vw, 1024px\" \/><figcaption>Coronel Paulo Renato Vaz<\/figcaption><\/figure>\n\n\n\n<p>\u201cA preven\u00e7\u00e3o \u00e9 a melhor ferramenta para evitar trag\u00e9dias naturais, e \u00e9 com essa premissa que a gente renova ano ap\u00f3s ano nossos Planos Inverno e Ver\u00e3o. \u00c9 por isso que na atual gest\u00e3o foi registrado o menor n\u00famero de mortos dos \u00faltimos 20 anos, quando o assunto \u00e9 desastre natural provocado por chuvas\u201d, comentou o Coronel.<br>A Defesa Civil informa que em casos de chuvas fortes e acionamento das sirenes, os moradores devem buscar imediatamente o ponto de apoio mais pr\u00f3ximo. O telefone 199 tamb\u00e9m fica dispon\u00edvel 24 horas para relatos de ocorr\u00eancias como deslizamentos e alagamentos.<\/p>\n","protected":false},"excerpt":{"rendered":"<p>Plano tem como objetivo a preven\u00e7\u00e3o e orienta\u00e7\u00e3o \u00e0 popula\u00e7\u00e3o de como agir diante de<\/p>\n","protected":false},"author":2,"featured_media":7322,"comment_status":"open","ping_status":"open","sticky":false,"template":"","format":"standard","meta":{"footnotes":""},"categories":[12],"tags":[],"class_list":["post-7320","post","type-post","status-publish","format-standard","has-post-thumbnail","hentry","category-cidade"],"_links":{"self":[{"href":"https:\/\/tvc16.com\/portal\/wp-json\/wp\/v2\/posts\/7320","targetHints":{"allow":["GET"]}}],"collection":[{"href":"https:\/\/tvc16.com\/portal\/wp-json\/wp\/v2\/posts"}],"about":[{"href":"https:\/\/tvc16.com\/portal\/wp-json\/wp\/v2\/types\/post"}],"author":[{"embeddable":true,"href":"https:\/\/tvc16.com\/portal\/wp-json\/wp\/v2\/users\/2"}],"replies":[{"embeddable":true,"href":"https:\/\/tvc16.com\/portal\/wp-json\/wp\/v2\/comments?post=7320"}],"version-history":[{"count":1,"href":"https:\/\/tvc16.com\/portal\/wp-json\/wp\/v2\/posts\/7320\/revisions"}],"predecessor-version":[{"id":7323,"href":"https:\/\/tvc16.com\/portal\/wp-json\/wp\/v2\/posts\/7320\/revisions\/7323"}],"wp:featuredmedia":[{"embeddable":true,"href":"https:\/\/tvc16.com\/portal\/wp-json\/wp\/v2\/media\/7322"}],"wp:attachment":[{"href":"https:\/\/tvc16.com\/portal\/wp-json\/wp\/v2\/media?parent=7320"}],"wp:term":[{"taxonomy":"category","embeddable":true,"href":"https:\/\/tvc16.com\/portal\/wp-json\/wp\/v2\/categories?post=7320"},{"taxonomy":"post_tag","embeddable":true,"href":"https:\/\/tvc16.com\/portal\/wp-json\/wp\/v2\/tags?post=7320"}],"curies":[{"name":"wp","href":"https:\/\/api.w.org\/{rel}","templated":true}]}}