{"id":7325,"date":"2020-12-03T23:33:00","date_gmt":"2020-12-04T02:33:00","guid":{"rendered":"https:\/\/tvc16.com\/portal\/?p=7325"},"modified":"2020-12-03T23:33:02","modified_gmt":"2020-12-04T02:33:02","slug":"governo-do-estado-fiocruz-e-ministerio-da-saude-assinam-escritura-de-terreno-para-fabrica-de-vacinas-no-rio","status":"publish","type":"post","link":"https:\/\/tvc16.com\/portal\/2020\/12\/03\/governo-do-estado-fiocruz-e-ministerio-da-saude-assinam-escritura-de-terreno-para-fabrica-de-vacinas-no-rio\/","title":{"rendered":"Governo do Estado, Fiocruz e Minist\u00e9rio da Sa\u00fade assinam escritura de terreno para f\u00e1brica de vacinas no Rio"},"content":{"rendered":"\n<p><\/p>\n\n\n\n<p><em>Complexo Industrial de Biotecnologia em Sa\u00fade ser\u00e1 o maior centro de produ\u00e7\u00e3o de imunizantes da Am\u00e9rica Latina<\/em><\/p>\n\n\n\n<p>O governador em exerc\u00edcio Cl\u00e1udio Castro, o ministro da Sa\u00fade, Eduardo Pazuello, e a presidente da Fiocruz, N\u00edsia Trindade Lima, assinaram, nesta quinta-feira (03\/12), a escritura definitiva do terreno onde ser\u00e1 instalado o Complexo Industrial de Biotecnologia em Sa\u00fade (CIBS), da Funda\u00e7\u00e3o Oswaldo Cruz (Fiocruz), no Distrito Industrial de Santa Cruz, na Zona Oeste do Rio. O espa\u00e7o, cedido pela Companhia de Desenvolvimento Industrial do Estado do Rio de Janeiro (Codin), receber\u00e1 a maior f\u00e1brica de vacinas da Am\u00e9rica Latina, que vai quadruplicar a capacidade de produ\u00e7\u00e3o anual de frascos de imunizantes e biof\u00e1rmacos da Fiocruz.<\/p>\n\n\n\n<p>O complexo ser\u00e1 implantado em uma \u00e1rea de 580 mil metros quadrados. Ser\u00e3o nove pr\u00e9dios, englobando setores de processamento, embalagem, armazenamento de mat\u00e9ria-prima e produtos finais, controle e garantia da qualidade, e centrais de tratamento de res\u00edduos e efluentes. No local, ser\u00e3o produzidas todas as vacinas da Fiocruz. A previs\u00e3o \u00e9 que a f\u00e1brica esteja pronta em 2023.<\/p>\n\n\n\n<p>&#8211; Eu n\u00e3o canso de falar o quanto a gente faz hist\u00f3ria e o quanto \u00e9 importante para a popula\u00e7\u00e3o quando os pol\u00edticos se entendem. Quando se tem governo federal, estadual e municipal alinhados, trabalhando em parceria, \u00e9 o povo que ganha. Hoje estamos celebrando mais um ato em conjunto, no qual a grandiosidade dele coloca o Estado do Rio na vanguarda quando o assunto \u00e9 fabrica\u00e7\u00e3o de vacinas. Al\u00e9m disso, estamos falando de uma iniciativa que gera emprego, riqueza e ci\u00eancia \u2013 destacou o governador em exerc\u00edcio.<\/p>\n\n\n\n<figure class=\"wp-block-image size-large\"><img loading=\"lazy\" decoding=\"async\" width=\"1024\" height=\"702\" src=\"https:\/\/tvc16.com\/portal\/wp-content\/uploads\/2020\/12\/20201203_232832-1024x702.jpg\" alt=\"\" class=\"wp-image-7327\" srcset=\"https:\/\/tvc16.com\/portal\/wp-content\/uploads\/2020\/12\/20201203_232832-1024x702.jpg 1024w, https:\/\/tvc16.com\/portal\/wp-content\/uploads\/2020\/12\/20201203_232832-300x206.jpg 300w, https:\/\/tvc16.com\/portal\/wp-content\/uploads\/2020\/12\/20201203_232832-768x526.jpg 768w, https:\/\/tvc16.com\/portal\/wp-content\/uploads\/2020\/12\/20201203_232832.jpg 1080w\" sizes=\"auto, (max-width: 1024px) 100vw, 1024px\" \/><figcaption>Governador em exerc\u00edcio,  Cl\u00e1udio Castro <\/figcaption><\/figure>\n\n\n\n<p>Segundo N\u00edsia Trindade, o projeto \u00e9 priorit\u00e1rio para a funda\u00e7\u00e3o, para o Minist\u00e9rio da Sa\u00fade e para o desenvolvimento do estado do Rio.<\/p>\n\n\n\n<p>&#8211; A Fiocruz s\u00f3 tem a comemorar. O Complexo Industrial de Biotecnologia em Sa\u00fade tem um valor estrat\u00e9gico para o Brasil e para o Sistema \u00danico de Sa\u00fade, uma vez que a necessidade de ampliar a oferta de vacinas tem se mostrado, atualmente, um dos elementos centrais, principalmente diante das emerg\u00eancias sanit\u00e1rias que temos vivido. Este \u00e9 o maior investimento tecnol\u00f3gico em sa\u00fade p\u00fablica no contexto contempor\u00e2neo do pa\u00eds. O CIBS ocupa um lugar estrat\u00e9gico no futuro da Fiocruz e tem destacada import\u00e2ncia para o Minist\u00e9rio da Sa\u00fade e para o desenvolvimento econ\u00f4mico do estado do Rio de Janeiro. Com esse empreendimento, o pa\u00eds d\u00e1 um passo fundamental para conquistar sua autonomia na produ\u00e7\u00e3o e oferta de vacinas &#8211;&nbsp; ressaltou.<\/p>\n\n\n\n<p>O ministro da Sa\u00fade enfatizou a import\u00e2ncia para o Brasil ter um grande centro para refor\u00e7ar o programa nacional de imuniza\u00e7\u00e3o.<\/p>\n\n\n\n<p>&#8211; Estamos vendo nascer o maior centro de produtos biol\u00f3gicos da Am\u00e9rica Latina. \u00c9 um novo sistema e um novo processo, e esse investimento ser\u00e1 um marco para a sa\u00fade p\u00fablica do Brasil. Temos pesquisadores, cientistas, profissionais de sa\u00fade e estudantes direcionados a cuidar do que temos de mais precioso, a vida. N\u00f3s vamos poder produzir com a Fiocruz, a curto prazo, para 2021, as vacinas para combater a Covid-19, e com certeza, para um futuro pr\u00f3ximo, n\u00f3s teremos condi\u00e7\u00f5es de fazer frente a outras amea\u00e7as que o Brasil tenha na \u00e1rea de sa\u00fade \u2013 afirmou Eduardo Pazuello.&nbsp;<\/p>\n\n\n\n<p>O presidente da Companhia de Desenvolvimento Industrial do Estado do Rio de Janeiro (Codin), F\u00e1bio Galv\u00e3o, lembrou que o projeto tamb\u00e9m vai ajudar o Rio a se desenvolver, gerando emprego e renda.<\/p>\n\n\n\n<p>&#8211; A Fiocruz vai se instalar em um distrito industrial onde h\u00e1 toda uma perspectiva de novas produ\u00e7\u00f5es de f\u00e1rmacos e vacinas, e tamb\u00e9m vai atrair a cadeia produtiva, com a necessidade de insumos e equipamentos. Ent\u00e3o, al\u00e9m da quest\u00e3o da pandemia e da sa\u00fade p\u00fablica, que \u00e9 o nosso foco, tamb\u00e9m teremos gera\u00e7\u00e3o de emprego e renda para a popula\u00e7\u00e3o fluminense \u2013 observou.<\/p>\n\n\n\n<p>A expectativa \u00e9 da cria\u00e7\u00e3o de 5 mil empregos na constru\u00e7\u00e3o civil. Outros 1.500 postos de trabalho podem ser gerados com o complexo em funcionamento nas atividades de produ\u00e7\u00e3o de vacinas e biof\u00e1rmacos. O novo empreendimento no Distrito Industrial de Santa Cruz vai atrair novas empresas para o local, considerando a cadeia de suprimentos necess\u00e1ria para o grande volume de produ\u00e7\u00e3o de vacinas e biof\u00e1rmacos que ser\u00e3o produzidos. A iniciativa foi lan\u00e7ada em 2010. Nesse per\u00edodo houve investimentos por parte do governo federal da ordem de R$1 bilh\u00e3o. Dentre os servi\u00e7os que foram realizados no local est\u00e3o: terraplanagem, estaqueamentos de toda \u00e1rea, constru\u00e7\u00f5es dos blocos e cintas e aquisi\u00e7\u00e3o de grandes equipamentos de processo e compensa\u00e7\u00e3o ambiental da \u00e1rea.<\/p>\n","protected":false},"excerpt":{"rendered":"<p>Complexo Industrial de Biotecnologia em Sa\u00fade ser\u00e1 o maior centro de produ\u00e7\u00e3o de imunizantes da<\/p>\n","protected":false},"author":2,"featured_media":7326,"comment_status":"open","ping_status":"open","sticky":false,"template":"","format":"standard","meta":{"footnotes":""},"categories":[13],"tags":[],"class_list":["post-7325","post","type-post","status-publish","format-standard","has-post-thumbnail","hentry","category-saude"],"_links":{"self":[{"href":"https:\/\/tvc16.com\/portal\/wp-json\/wp\/v2\/posts\/7325","targetHints":{"allow":["GET"]}}],"collection":[{"href":"https:\/\/tvc16.com\/portal\/wp-json\/wp\/v2\/posts"}],"about":[{"href":"https:\/\/tvc16.com\/portal\/wp-json\/wp\/v2\/types\/post"}],"author":[{"embeddable":true,"href":"https:\/\/tvc16.com\/portal\/wp-json\/wp\/v2\/users\/2"}],"replies":[{"embeddable":true,"href":"https:\/\/tvc16.com\/portal\/wp-json\/wp\/v2\/comments?post=7325"}],"version-history":[{"count":1,"href":"https:\/\/tvc16.com\/portal\/wp-json\/wp\/v2\/posts\/7325\/revisions"}],"predecessor-version":[{"id":7328,"href":"https:\/\/tvc16.com\/portal\/wp-json\/wp\/v2\/posts\/7325\/revisions\/7328"}],"wp:featuredmedia":[{"embeddable":true,"href":"https:\/\/tvc16.com\/portal\/wp-json\/wp\/v2\/media\/7326"}],"wp:attachment":[{"href":"https:\/\/tvc16.com\/portal\/wp-json\/wp\/v2\/media?parent=7325"}],"wp:term":[{"taxonomy":"category","embeddable":true,"href":"https:\/\/tvc16.com\/portal\/wp-json\/wp\/v2\/categories?post=7325"},{"taxonomy":"post_tag","embeddable":true,"href":"https:\/\/tvc16.com\/portal\/wp-json\/wp\/v2\/tags?post=7325"}],"curies":[{"name":"wp","href":"https:\/\/api.w.org\/{rel}","templated":true}]}}