{"id":7333,"date":"2020-12-03T23:43:43","date_gmt":"2020-12-04T02:43:43","guid":{"rendered":"https:\/\/tvc16.com\/portal\/?p=7333"},"modified":"2020-12-03T23:43:46","modified_gmt":"2020-12-04T02:43:46","slug":"cartao-alimentacao-para-alunos-da-rede-municipal-de-nova-iguacu-tera-nova-recarga-a-partir-deste-sabado-5","status":"publish","type":"post","link":"https:\/\/tvc16.com\/portal\/2020\/12\/03\/cartao-alimentacao-para-alunos-da-rede-municipal-de-nova-iguacu-tera-nova-recarga-a-partir-deste-sabado-5\/","title":{"rendered":"Cart\u00e3o-alimenta\u00e7\u00e3o para alunos da rede municipal de Nova Igua\u00e7u ter\u00e1 nova recarga a partir deste s\u00e1bado (5)"},"content":{"rendered":"\n<p>A Prefeitura de Nova Igua\u00e7u realiza, a partir deste s\u00e1bado (5), mais uma etapa de entrega de alimentos para cada um dos cerca de 65 mil alunos das 141 escolas e creches da rede municipal. A exemplo dos meses anteriores, os cart\u00f5es-alimenta\u00e7\u00e3o distribu\u00eddos aos estudantes ser\u00e3o recarregados automaticamente no valor de R$ 110. Desta forma, os respons\u00e1veis n\u00e3o precisam ir at\u00e9 as escolas para buscar novos cart\u00f5es.<\/p>\n\n\n\n<p>A distribui\u00e7\u00e3o est\u00e1 sendo feita para auxiliar as fam\u00edlias, j\u00e1 que os alunos est\u00e3o com as aulas suspensas desde o dia 16 de mar\u00e7o devido \u00e0 pandemia da Covid-19. Em abril e maio, a Secretaria Municipal de Educa\u00e7\u00e3o de Nova Igua\u00e7u entregou cestas b\u00e1sicas para os estudantes, com 15 itens, como arroz, feij\u00e3o, a\u00e7\u00facar, \u00f3leo de soja, farinha de mandioca, sal, macarr\u00e3o, caf\u00e9, achocolatado em p\u00f3, biscoito, extrato de tomate, fub\u00e1 de milho e leite em p\u00f3.<\/p>\n\n\n\n<p>A partir de julho, as fam\u00edlias passaram a receber cart\u00f5es-alimenta\u00e7\u00e3o, que s\u00f3 pode ser utilizado com despesas aliment\u00edcias na rede credenciada. Assim, as fam\u00edlias poder\u00e3o adquirir produtos da cesta b\u00e1sica que necessitam. Somando as cestas b\u00e1sicas e os valores depositados nos cart\u00f5es, j\u00e1 foram realizadas sete etapas de aux\u00edlio.<\/p>\n\n\n\n<p>Em caso de qualquer eventual problema com os cart\u00f5es, os respons\u00e1veis devem entrar em contato diretamente com as escolas em que seus filhos est\u00e3o matriculados, que estar\u00e3o abertas nos dias 8 e 10 de dezembro, de 9 \u00e0s 15h.&nbsp;<a rel=\"noreferrer noopener\" target=\"_blank\" href=\"http:\/\/www.novaiguacu.rj.gov.br\/semed\/unidades-escolares\/\">Clique aqui para acessar os contatos das escolas<\/a>.<\/p>\n","protected":false},"excerpt":{"rendered":"<p>A Prefeitura de Nova Igua\u00e7u realiza, a partir deste s\u00e1bado (5), mais uma etapa de<\/p>\n","protected":false},"author":2,"featured_media":7334,"comment_status":"open","ping_status":"open","sticky":false,"template":"","format":"standard","meta":{"footnotes":""},"categories":[17],"tags":[],"class_list":["post-7333","post","type-post","status-publish","format-standard","has-post-thumbnail","hentry","category-outras-noticias"],"_links":{"self":[{"href":"https:\/\/tvc16.com\/portal\/wp-json\/wp\/v2\/posts\/7333","targetHints":{"allow":["GET"]}}],"collection":[{"href":"https:\/\/tvc16.com\/portal\/wp-json\/wp\/v2\/posts"}],"about":[{"href":"https:\/\/tvc16.com\/portal\/wp-json\/wp\/v2\/types\/post"}],"author":[{"embeddable":true,"href":"https:\/\/tvc16.com\/portal\/wp-json\/wp\/v2\/users\/2"}],"replies":[{"embeddable":true,"href":"https:\/\/tvc16.com\/portal\/wp-json\/wp\/v2\/comments?post=7333"}],"version-history":[{"count":1,"href":"https:\/\/tvc16.com\/portal\/wp-json\/wp\/v2\/posts\/7333\/revisions"}],"predecessor-version":[{"id":7335,"href":"https:\/\/tvc16.com\/portal\/wp-json\/wp\/v2\/posts\/7333\/revisions\/7335"}],"wp:featuredmedia":[{"embeddable":true,"href":"https:\/\/tvc16.com\/portal\/wp-json\/wp\/v2\/media\/7334"}],"wp:attachment":[{"href":"https:\/\/tvc16.com\/portal\/wp-json\/wp\/v2\/media?parent=7333"}],"wp:term":[{"taxonomy":"category","embeddable":true,"href":"https:\/\/tvc16.com\/portal\/wp-json\/wp\/v2\/categories?post=7333"},{"taxonomy":"post_tag","embeddable":true,"href":"https:\/\/tvc16.com\/portal\/wp-json\/wp\/v2\/tags?post=7333"}],"curies":[{"name":"wp","href":"https:\/\/api.w.org\/{rel}","templated":true}]}}