{"id":7336,"date":"2020-12-03T23:48:57","date_gmt":"2020-12-04T02:48:57","guid":{"rendered":"https:\/\/tvc16.com\/portal\/?p=7336"},"modified":"2020-12-03T23:49:00","modified_gmt":"2020-12-04T02:49:00","slug":"isa-colli-participa-da-bienal-internacional-do-livro-de-sao-paulo-que-sera-em-dezembro-no-formato-digital","status":"publish","type":"post","link":"https:\/\/tvc16.com\/portal\/2020\/12\/03\/isa-colli-participa-da-bienal-internacional-do-livro-de-sao-paulo-que-sera-em-dezembro-no-formato-digital\/","title":{"rendered":"Isa Colli participa da Bienal Internacional do Livro de S\u00e3o Paulo que ser\u00e1, em dezembro, no formato digital"},"content":{"rendered":"\n<p>No dia, 07 de dezembro, \u00e0s 15h, a escritora Isa Colli, capixaba de nascimento e carioca de cora\u00e7\u00e3o, ser\u00e1 um dos destaques da tradicional Bienal Internacional do Livro de S\u00e3o Paulo. A autora infantojuvenil, que tem levado a literatura brasileira para os quatro cantos do mundo, participar\u00e1 da B\u00e9lgica, onde reside atualmente, na programa\u00e7\u00e3o virtual do primeiro dia da feira, que acontece at\u00e9 o dia 13 de dezembro.<\/p>\n\n\n\n<p>&nbsp;A feira que ser\u00e1 realizada no formato online devido \u00e0 pandemia, se prop\u00f5e em&nbsp; &nbsp;oferecer a todo tipo de leitor uma programa\u00e7\u00e3o virtual atraente, com direito n\u00e3o s\u00f3 a feira de livros, como pain\u00e9is e palestras. No painel com a autora Isa Colli, que traz a tem\u00e1tica \u201cSua vida d\u00e1&nbsp;um livro\u201d, o p\u00fablico poder\u00e1 trocar experi\u00eancias com a autora e ainda conhecer um pouco mais de sua trajet\u00f3ria e projetos, como o mais novo livro T\u00e2maras e Quibes, lan\u00e7ado no final de novembro. O encontro com a autora, ser\u00e1 mediado pela jornalista Isabele Benito, nas plataformas da Bienal.<\/p>\n\n\n\n<p>A programa\u00e7\u00e3o da Bienal com a editora Colli Books n\u00e3o para por a\u00ed, durante os dias da Bienal, uma programa\u00e7\u00e3o especial ser\u00e1 oferecida aos leitores, nas plataformas da editora, que conta com bate papo sobre educa\u00e7\u00e3o, literatura no Brasil e Exterior, al\u00e9m de conta\u00e7\u00e3o de hist\u00f3rias com autores da Colli Books e convidados. Os interessados podem assistir virtualmente pelo site&nbsp;<strong>collibooks.com\/lives.<\/strong><\/p>\n\n\n\n<p>Isa, que sempre gosta de dizer que n\u00e3o existe pessoas que n\u00e3o gostem de livro, existe leitura para cada tipo de pessoa, busca incentivar novos leitores no h\u00e1bito da leitura. A escritora, apaixonada pelo que faz, procura sempre estar envolvida com feiras e a\u00e7\u00f5es que incentivem o gosto pelo conhecimento.<\/p>\n\n\n\n<p>\u201cParticipar da Bienal \u00e9 sempre uma alegria. O formato virtual traz desafios, nos distancia do conv\u00edvio face a face com nossos leitores, mas, ao mesmo tempo, democratiza o acesso \u00e0s pessoas que n\u00e3o teriam a possibilidade de acompanhar a feira presencialmente. Ser\u00e1 uma honra participar desse evento t\u00e3o grandioso. Minha expectativa \u00e9 que possamos vivenciar momentos especiais de aprendizado, muita riqueza de conhecimentos e troca de experi\u00eancias\u201d, comenta a escritora.<\/p>\n\n\n\n<p><strong>Dedica\u00e7\u00e3o ao universo infantojuvenil: Saiba mais sobre Isa Colli<\/strong><strong>\u2028\u2028<\/strong><strong><\/strong><\/p>\n\n\n\n<p>Com seu primeiro livro lan\u00e7ado no ano 2011, Isa n\u00e3o parou mais. Sete anos depois, abriu sua pr\u00f3pria editora, a Colli Books. Atualmente contabiliza em sua biografia 33 livros infanto-juvenis, como: \u201cO Elefante m\u00e1gico e a Lua\u201d&nbsp;(bil\u00edngue),&nbsp;\u201cVivene e Florine e suas descobertas na Amaz\u00f4nia\u201d,&nbsp;\u201cO Rio Grinalda\u201d, o romance&nbsp;\u201cO Recome\u00e7o\u201d&nbsp;e o livro de poesias&nbsp;\u201cFases Intimistas\u201d.\u2028\u2028Dentre os destaques, a obra \u201cLuke, o macaco atleta\u201d&nbsp;se tornou refer\u00eancia para trabalhar a obesidade infantil e alimenta\u00e7\u00e3o saud\u00e1vel em escolas brasileiras. Com ele, a autora tamb\u00e9m participou em 2019 do 1\u00ba F\u00f3rum Regional das Cidades Latino-Americanas Signat\u00e1rias do Pacto de Mil\u00e3o sobre Pol\u00edtica de Alimentac\u0327\u00e3o Urbana, que aconteceu no Rio de Janeiro, em maio do mesmo ano.\u2028<\/p>\n\n\n\n<p>Em janeiro de 2020, Isa veio ao Brasil para lan\u00e7ar o livro\u00a0\u201cP\u00e1ssaro de Seda\u201d, que ensina empreendedorismo para crian\u00e7as atrav\u00e9s de pequenas li\u00e7\u00f5es presentes na obra sobre pipas.Devido ao isolamento social, a autora lan\u00e7ou o t\u00edtulo \u201cBerta e Nina\u201d e &#8220;Maia, a estrela-do-mar&#8221; no formato e-book. Al\u00e9m dos lan\u00e7amentos, a empres\u00e1ria tem utilizado as redes sociais de sua editora, a Colli Books, para promover lives com jornalistas, psic\u00f3logos, nutricionistas, professores, artistas e representantes dos \u00f3rg\u00e3os internacionais, como a ONU. Para Colli, essa \u00e9 uma forma de manter a proximidade com os leitores e informar sobre assuntos atuais, como cuidados na pandemia, benef\u00edcios da alimenta\u00e7\u00e3o saud\u00e1vel e depress\u00e3o infantil, al\u00e9m dos temas liter\u00e1rios e culturais.<\/p>\n\n\n\n<figure class=\"wp-block-image size-large\"><img loading=\"lazy\" decoding=\"async\" width=\"829\" height=\"971\" src=\"https:\/\/tvc16.com\/portal\/wp-content\/uploads\/2020\/12\/Isa-Colli-escritora-e-jornalista.jpeg\" alt=\"\" class=\"wp-image-7337\" srcset=\"https:\/\/tvc16.com\/portal\/wp-content\/uploads\/2020\/12\/Isa-Colli-escritora-e-jornalista.jpeg 829w, https:\/\/tvc16.com\/portal\/wp-content\/uploads\/2020\/12\/Isa-Colli-escritora-e-jornalista-256x300.jpeg 256w, https:\/\/tvc16.com\/portal\/wp-content\/uploads\/2020\/12\/Isa-Colli-escritora-e-jornalista-768x900.jpeg 768w\" sizes=\"auto, (max-width: 829px) 100vw, 829px\" \/><figcaption>Isa Colli<\/figcaption><\/figure>\n\n\n\n<p>Ainda em 2020, Isa Colli participou da Focus Brasil New York: o maior evento mundial para escritores brasileiros e do simp\u00f3sio virtual organizado pela Rede de Alimenta\u00e7\u00e3o Escolar Sustent\u00e1vel (RAES) e teve como foco o alimenta\u00e7\u00e3o escolar segura durante e p\u00f3s uma pandemia.<\/p>\n\n\n\n<p><strong>Nomeada membro da Academia Internacional de Literatura Brasileira<\/strong><strong><\/strong><\/p>\n\n\n\n<p>Refer\u00eancia em literatura educativa da atualidade com participa\u00e7\u00e3o em diversos eventos e feiras liter\u00e1rias brasileiras como a Bienal do Rio e de S\u00e3o Paulo e internacionais em Bolonha, Bruxelas, Lisboa, Frankfurt, Reino Unido e M\u00e9xico, al\u00e9m de j\u00e1 ter visitado diversas escolas e ministrar palestras em eventos como o Semin\u00e1rio de Narrativas Visuais de Vit\u00f3ria (ES) e no Encontro Nacional de Conselhos de Alimenta\u00e7\u00e3o Escolar, em Guarulhos (SP), acaba de ser efetivada como membro 74 da Academia Internacional de Literatura Brasileira, importante institui\u00e7\u00e3o, que promove diversas atividades liter\u00e1rias, al\u00e9m de ressaltar escritores que estejam contribuindo para a expans\u00e3o da presen\u00e7a liter\u00e1ria brasileira, dentro e fora do Brasil.<\/p>\n\n\n\n<p><strong>Servi\u00e7o:<\/strong><\/p>\n\n\n\n<p><strong>Isa Colli no painel da Bienal \u2013 \u201cConectados Online da Colli Books apresenta: Sua vida d\u00e1 um livro&#8221;<\/strong><\/p>\n\n\n\n<p><strong>Dia:<\/strong>&nbsp;07 de dezembro \u2013 segunda-feira<\/p>\n\n\n\n<p><strong>Hor\u00e1rio:<\/strong>&nbsp;15h<\/p>\n\n\n\n<p><strong>Local:<\/strong>&nbsp;&nbsp;<a rel=\"noreferrer noopener\" target=\"_blank\" href=\"https:\/\/www.bienaldolivro.com.br\/\">https:\/\/www.bienaldolivro.com.br\/<\/a><\/p>\n\n\n\n<p><strong>Programa\u00e7\u00e3o Editora Colli Books \u2013 Bienal do Livro<\/strong><\/p>\n\n\n\n<p><strong>Data:<\/strong>&nbsp;De 07 a 13 de dezembro<\/p>\n\n\n\n<p><strong>Hor\u00e1rio:<\/strong>&nbsp;(Checar programa\u00e7\u00e3o no site da editora)<br><strong>Local:<\/strong>&nbsp;<strong>collibooks.com\/lives.<\/strong><\/p>\n\n\n\n<figure class=\"wp-block-table\"><table><tbody><tr><td><a rel=\"noreferrer noopener\" target=\"_blank\" href=\"https:\/\/www.avast.com\/sig-email?utm_medium=email&amp;utm_source=link&amp;utm_campaign=sig-email&amp;utm_content=emailclient\"><\/a><\/td><td><\/td><\/tr><\/tbody><\/table><\/figure>\n\n\n","protected":false},"excerpt":{"rendered":"<p>No dia, 07 de dezembro, \u00e0s 15h, a escritora Isa Colli, capixaba de nascimento e<\/p>\n","protected":false},"author":2,"featured_media":7338,"comment_status":"open","ping_status":"open","sticky":false,"template":"","format":"standard","meta":{"footnotes":""},"categories":[19],"tags":[],"class_list":["post-7336","post","type-post","status-publish","format-standard","has-post-thumbnail","hentry","category-educacao"],"_links":{"self":[{"href":"https:\/\/tvc16.com\/portal\/wp-json\/wp\/v2\/posts\/7336","targetHints":{"allow":["GET"]}}],"collection":[{"href":"https:\/\/tvc16.com\/portal\/wp-json\/wp\/v2\/posts"}],"about":[{"href":"https:\/\/tvc16.com\/portal\/wp-json\/wp\/v2\/types\/post"}],"author":[{"embeddable":true,"href":"https:\/\/tvc16.com\/portal\/wp-json\/wp\/v2\/users\/2"}],"replies":[{"embeddable":true,"href":"https:\/\/tvc16.com\/portal\/wp-json\/wp\/v2\/comments?post=7336"}],"version-history":[{"count":1,"href":"https:\/\/tvc16.com\/portal\/wp-json\/wp\/v2\/posts\/7336\/revisions"}],"predecessor-version":[{"id":7339,"href":"https:\/\/tvc16.com\/portal\/wp-json\/wp\/v2\/posts\/7336\/revisions\/7339"}],"wp:featuredmedia":[{"embeddable":true,"href":"https:\/\/tvc16.com\/portal\/wp-json\/wp\/v2\/media\/7338"}],"wp:attachment":[{"href":"https:\/\/tvc16.com\/portal\/wp-json\/wp\/v2\/media?parent=7336"}],"wp:term":[{"taxonomy":"category","embeddable":true,"href":"https:\/\/tvc16.com\/portal\/wp-json\/wp\/v2\/categories?post=7336"},{"taxonomy":"post_tag","embeddable":true,"href":"https:\/\/tvc16.com\/portal\/wp-json\/wp\/v2\/tags?post=7336"}],"curies":[{"name":"wp","href":"https:\/\/api.w.org\/{rel}","templated":true}]}}