{"id":7341,"date":"2020-12-03T23:52:04","date_gmt":"2020-12-04T02:52:04","guid":{"rendered":"https:\/\/tvc16.com\/portal\/?p=7341"},"modified":"2020-12-03T23:52:06","modified_gmt":"2020-12-04T02:52:06","slug":"mesarios-que-faltaram-ao-trabalho-nas-eleicoes-tem-ate-7-de-janeiro-para-justificar-ausencia","status":"publish","type":"post","link":"https:\/\/tvc16.com\/portal\/2020\/12\/03\/mesarios-que-faltaram-ao-trabalho-nas-eleicoes-tem-ate-7-de-janeiro-para-justificar-ausencia\/","title":{"rendered":"Mes\u00e1rios que faltaram ao trabalho nas elei\u00e7\u00f5es t\u00eam at\u00e9 7 de janeiro para justificar aus\u00eancia"},"content":{"rendered":"\n<p>Os mes\u00e1rios que faltaram ao trabalho no segundo turno das Elei\u00e7\u00f5es Municipais de 2020 devem justificar a aus\u00eancia ao juiz da sua zona eleitoral, na p\u00e1gina do Cart\u00f3rio Eleitoral Virtual, dispon\u00edvel nos sites dos Tribunais Regionais Eleitorais (TREs). O mesmo vale para os mes\u00e1rios que abandonaram a se\u00e7\u00e3o eleitoral durante a vota\u00e7\u00e3o.<\/p>\n\n\n\n<p><strong><a href=\"https:\/\/brasil61.com\/noticias\/abstencao-de-mais-de-30-em-eleicoes-municipais-faz-mourao-cogitar-fim-do-voto-obrigatorio-bras202873\">Absten\u00e7\u00e3o de mais de 30% em elei\u00e7\u00f5es municipais faz Mour\u00e3o cogitar fim do voto obrigat\u00f3rio<\/a><\/strong><\/p>\n\n\n\n<p><strong><a href=\"https:\/\/brasil61.com\/noticias\/conheca-os-novos-prefeitos-das-capitais-dos-estados-do-norte-bras202821\">Conhe\u00e7a os novos prefeitos das capitais dos estados do Norte<\/a><\/strong><\/p>\n\n\n\n<p><strong><a href=\"https:\/\/brasil61.com\/noticias\/presidente-do-tse-diz-que-combater-a-covid-19-e-as-fake-news-foram-prioridade-durante-as-eleicoes-bras202816\">Presidente do TSE diz que combater a Covid-19 e as Fake News foram prioridade durante as elei\u00e7\u00f5es<\/a><\/strong><br>&nbsp;<br>Os mes\u00e1rios que estavam escalados, mas n\u00e3o foram trabalhar no segundo turno, devem justificar a falta at\u00e9 7 de janeiro de 2021. Para aqueles que deixaram o servi\u00e7o da se\u00e7\u00e3o eleitoral durante o dia, o prazo m\u00e1ximo para envio da justificativa j\u00e1 se encerrou na \u00faltima quarta-feira (2).<br>&nbsp;<br>De acordo com o C\u00f3digo Eleitoral, o mes\u00e1rio que falta \u00e0 convoca\u00e7\u00e3o tem at\u00e9 30 dias ap\u00f3s o pleito para apresentar uma justa causa o juiz eleitoral. N\u00e3o apresentar justificativa pode levar \u00e0 multa de 50% a um sal\u00e1rio m\u00ednimo.&nbsp;<\/p>\n\n\n\n<p>Fonte: <a href=\"https:\/\/brasil61.com\/noticias\/mesarios-que-faltaram-ao-trabalho-nas-eleicoes-tem-ate-7-de-janeiro-para-justificar-ausencia-bras202881?email=bethdeoliveira@yahoo.com.br&amp;utm_source=newsletter&amp;utm_medium=newsletter&amp;utm_campaign=newsletter\" target=\"_blank\" rel=\"noreferrer noopener\">Brasil 61<\/a><\/p>\n","protected":false},"excerpt":{"rendered":"<p>Os mes\u00e1rios que faltaram ao trabalho no segundo turno das Elei\u00e7\u00f5es Municipais de 2020 devem<\/p>\n","protected":false},"author":2,"featured_media":7342,"comment_status":"open","ping_status":"open","sticky":false,"template":"","format":"standard","meta":{"footnotes":""},"categories":[15],"tags":[],"class_list":["post-7341","post","type-post","status-publish","format-standard","has-post-thumbnail","hentry","category-politica"],"_links":{"self":[{"href":"https:\/\/tvc16.com\/portal\/wp-json\/wp\/v2\/posts\/7341","targetHints":{"allow":["GET"]}}],"collection":[{"href":"https:\/\/tvc16.com\/portal\/wp-json\/wp\/v2\/posts"}],"about":[{"href":"https:\/\/tvc16.com\/portal\/wp-json\/wp\/v2\/types\/post"}],"author":[{"embeddable":true,"href":"https:\/\/tvc16.com\/portal\/wp-json\/wp\/v2\/users\/2"}],"replies":[{"embeddable":true,"href":"https:\/\/tvc16.com\/portal\/wp-json\/wp\/v2\/comments?post=7341"}],"version-history":[{"count":1,"href":"https:\/\/tvc16.com\/portal\/wp-json\/wp\/v2\/posts\/7341\/revisions"}],"predecessor-version":[{"id":7343,"href":"https:\/\/tvc16.com\/portal\/wp-json\/wp\/v2\/posts\/7341\/revisions\/7343"}],"wp:featuredmedia":[{"embeddable":true,"href":"https:\/\/tvc16.com\/portal\/wp-json\/wp\/v2\/media\/7342"}],"wp:attachment":[{"href":"https:\/\/tvc16.com\/portal\/wp-json\/wp\/v2\/media?parent=7341"}],"wp:term":[{"taxonomy":"category","embeddable":true,"href":"https:\/\/tvc16.com\/portal\/wp-json\/wp\/v2\/categories?post=7341"},{"taxonomy":"post_tag","embeddable":true,"href":"https:\/\/tvc16.com\/portal\/wp-json\/wp\/v2\/tags?post=7341"}],"curies":[{"name":"wp","href":"https:\/\/api.w.org\/{rel}","templated":true}]}}