{"id":7347,"date":"2020-12-04T00:02:26","date_gmt":"2020-12-04T03:02:26","guid":{"rendered":"https:\/\/tvc16.com\/portal\/?p=7347"},"modified":"2020-12-04T00:02:29","modified_gmt":"2020-12-04T03:02:29","slug":"%e2%80%8bsenac-rj-e-crcrj-firmam-parceria-para-oferecer-qualificacao-a-profissionais-de-contabilidade","status":"publish","type":"post","link":"https:\/\/tvc16.com\/portal\/2020\/12\/04\/%e2%80%8bsenac-rj-e-crcrj-firmam-parceria-para-oferecer-qualificacao-a-profissionais-de-contabilidade\/","title":{"rendered":"\u200bSenac RJ e CRCRJ firmam parceria para oferecer qualifica\u00e7\u00e3o a profissionais de contabilidade"},"content":{"rendered":"\n<p><em>Iniciativa prev\u00ea cria\u00e7\u00e3o de um espa\u00e7o educacional conjunto<\/em>&nbsp;<em>com salas de aula e laborat\u00f3rio. Ser\u00e3o criados cursos de capacita\u00e7\u00e3o e atualiza\u00e7\u00e3o nas \u00e1reas Tribut\u00e1ria\/fiscal, Departamento Pessoal, Gest\u00e3o Financeira, Societ\u00e1rio e Contabilidade<\/em><\/p>\n\n\n\n<figure class=\"wp-block-image size-large\"><img loading=\"lazy\" decoding=\"async\" width=\"1024\" height=\"682\" src=\"https:\/\/tvc16.com\/portal\/wp-content\/uploads\/2020\/12\/WhatsApp-Image-2020-12-02-at-16_26_07-1-1-1024x682.jpeg\" alt=\"\" class=\"wp-image-7350\" srcset=\"https:\/\/tvc16.com\/portal\/wp-content\/uploads\/2020\/12\/WhatsApp-Image-2020-12-02-at-16_26_07-1-1-1024x682.jpeg 1024w, https:\/\/tvc16.com\/portal\/wp-content\/uploads\/2020\/12\/WhatsApp-Image-2020-12-02-at-16_26_07-1-1-300x200.jpeg 300w, https:\/\/tvc16.com\/portal\/wp-content\/uploads\/2020\/12\/WhatsApp-Image-2020-12-02-at-16_26_07-1-1-768x512.jpeg 768w, https:\/\/tvc16.com\/portal\/wp-content\/uploads\/2020\/12\/WhatsApp-Image-2020-12-02-at-16_26_07-1-1-900x600.jpeg 900w, https:\/\/tvc16.com\/portal\/wp-content\/uploads\/2020\/12\/WhatsApp-Image-2020-12-02-at-16_26_07-1-1.jpeg 1280w\" sizes=\"auto, (max-width: 1024px) 100vw, 1024px\" \/><figcaption><strong>Fotos: Larissa Zanchetta (Em p\u00e9, da esq. p\/ dir., o diretor Regional do Senac RJ S\u00e9rgio Ribeiro, o presidente do Sistema Fecom\u00e9rcio RJ Antonio Florencio Queiroz e o presidente do CRCRJ, Samir Nehme)<\/strong><br>\u00a0<\/figcaption><\/figure>\n\n\n\n<p>O&nbsp;<strong>Senac RJ&nbsp;<\/strong>e o&nbsp;<strong>Conselho Regional de Contabilidade do Estado do Rio de Janeiro (CRCRJ)<\/strong>&nbsp;firmaram ontem, quarta-feira, 2 de dezembro, protocolo de inten\u00e7\u00f5es para a cria\u00e7\u00e3o de um termo de coopera\u00e7\u00e3o t\u00e9cnica, que visa oferecer qualifica\u00e7\u00e3o aos profissionais da contabilidade e empregados dos escrit\u00f3rios de contabilidade vinculados ao&nbsp;<strong>CRCRJ<\/strong>. A alian\u00e7a estrat\u00e9gica prev\u00ea a cria\u00e7\u00e3o e desenvolvimento de espa\u00e7o educacional conjunto.<\/p>\n\n\n\n<p>Por meio desse conv\u00eanio, com previs\u00e3o de in\u00edcio em 2021, o&nbsp;<strong>Senac RJ<\/strong>&nbsp;oferecer\u00e1 capacita\u00e7\u00e3o e atualiza\u00e7\u00e3o permanente a estudantes, profissionais da contabilidade e colaboradores de escrit\u00f3rios cont\u00e1beis registrados no&nbsp;<strong>CRCRJ<\/strong>, bem como a empres\u00e1rios e demais atuantes nas rotinas da gest\u00e3o administrativa, que representam cerca de 10% do mercado de trabalho do estado do Rio de Janeiro.<\/p>\n\n\n\n<p><em>\u201cAs solu\u00e7\u00f5es educacionais advindas do termo de coopera\u00e7\u00e3o t\u00e9cnica com o CRCRJ ter\u00e3o a caracter\u00edstica pr\u00f3pria do Senac RJ de informar e praticar em laborat\u00f3rios que representam o ambiente real de trabalho. A combina\u00e7\u00e3o da experi\u00eancia das duas institui\u00e7\u00f5es garantir\u00e1 uma forma\u00e7\u00e3o completa, modular, flex\u00edvel e digital que hoje ainda \u00e9 incipiente no contexto educacional e profissional do Rio de Janeiro. Outro diferencial \u00e9 que os profissionais capacitados recebem uma certifica\u00e7\u00e3o dupla, do Senac RJ e do CRCRJ\u201d<\/em>, afirma o&nbsp;<strong>diretor Regional do Senac RJ S\u00e9rgio Ribeiro<\/strong>.<\/p>\n\n\n\n<p>A parceria prev\u00ea a instala\u00e7\u00e3o, no edif\u00edcio-sede do CRCRJ no centro do Rio de Janeiro, de um ambiente educacional conjunto que ter\u00e1 salas de aula e um Escrit\u00f3rio Modelo, laborat\u00f3rio de pr\u00e1tica profissional onde os alunos poder\u00e3o aplicar o que aprenderam. Haver\u00e1 cursos nas \u00e1reas<strong>&nbsp;Tribut\u00e1rio\/fiscal, Departamento Pessoal, Gest\u00e3o Financeira, Societ\u00e1rio e Contabilidade<\/strong>.<\/p>\n\n\n\n<p>Para&nbsp;<strong>Samir Nehme, presidente do CRCRJ<\/strong>, a iniciativa vai ao encontro do interesse do conselho de oferecer educa\u00e7\u00e3o continuada e oportunidades para que os profissionais da contabilidade estejam cada vez mais capacitados, para atuarem como consultores dos empres\u00e1rios.<\/p>\n\n\n\n<p><em>&#8220;\u00c9 gratificante para o CRCRJ promover qualifica\u00e7\u00e3o para a categoria. Hoje, o profissional da contabilidade \u00e9 o maior assessor dos neg\u00f3cios estabelecidos no Brasil. Toda a consultoria que \u00e9 prestada \u00e0s empresas, via de regra, se origina do trabalho do contador. Para o CRCRJ, capacitar o contador para um melhor exerc\u00edcio profissional \u00e9 impactar positivamente a economia do pa\u00eds, porque esse conhecimento refletir\u00e1 na melhora dos resultados e gest\u00e3o das empresas, na gera\u00e7\u00e3o de empregos e arrecada\u00e7\u00e3o de impostos. \u00c9 um ciclo virtuoso, com ganhos para toda a sociedade\u201d<\/em>&nbsp;celebra Nehme.&nbsp;<\/p>\n\n\n\n<p>O conte\u00fado dos cursos ser\u00e1 desenvolvido em conjunto pelas equipes do Senac RJ e do CRCRJ e a metodologia pedag\u00f3gica ser\u00e1 de responsabilidade da institui\u00e7\u00e3o de ensino. Os programas ter\u00e3o dupla certifica\u00e7\u00e3o: Senac RJ e CRCRJ. Haver\u00e1 turmas exclusivas para os registrados do CRCRJ e tamb\u00e9m para o p\u00fablico em geral, em plataformas presencial e online.<br><\/p>\n","protected":false},"excerpt":{"rendered":"<p>Iniciativa prev\u00ea cria\u00e7\u00e3o de um espa\u00e7o educacional conjunto&nbsp;com salas de aula e laborat\u00f3rio. Ser\u00e3o criados<\/p>\n","protected":false},"author":2,"featured_media":7349,"comment_status":"open","ping_status":"open","sticky":false,"template":"","format":"standard","meta":{"footnotes":""},"categories":[19],"tags":[],"class_list":["post-7347","post","type-post","status-publish","format-standard","has-post-thumbnail","hentry","category-educacao"],"_links":{"self":[{"href":"https:\/\/tvc16.com\/portal\/wp-json\/wp\/v2\/posts\/7347","targetHints":{"allow":["GET"]}}],"collection":[{"href":"https:\/\/tvc16.com\/portal\/wp-json\/wp\/v2\/posts"}],"about":[{"href":"https:\/\/tvc16.com\/portal\/wp-json\/wp\/v2\/types\/post"}],"author":[{"embeddable":true,"href":"https:\/\/tvc16.com\/portal\/wp-json\/wp\/v2\/users\/2"}],"replies":[{"embeddable":true,"href":"https:\/\/tvc16.com\/portal\/wp-json\/wp\/v2\/comments?post=7347"}],"version-history":[{"count":1,"href":"https:\/\/tvc16.com\/portal\/wp-json\/wp\/v2\/posts\/7347\/revisions"}],"predecessor-version":[{"id":7351,"href":"https:\/\/tvc16.com\/portal\/wp-json\/wp\/v2\/posts\/7347\/revisions\/7351"}],"wp:featuredmedia":[{"embeddable":true,"href":"https:\/\/tvc16.com\/portal\/wp-json\/wp\/v2\/media\/7349"}],"wp:attachment":[{"href":"https:\/\/tvc16.com\/portal\/wp-json\/wp\/v2\/media?parent=7347"}],"wp:term":[{"taxonomy":"category","embeddable":true,"href":"https:\/\/tvc16.com\/portal\/wp-json\/wp\/v2\/categories?post=7347"},{"taxonomy":"post_tag","embeddable":true,"href":"https:\/\/tvc16.com\/portal\/wp-json\/wp\/v2\/tags?post=7347"}],"curies":[{"name":"wp","href":"https:\/\/api.w.org\/{rel}","templated":true}]}}