{"id":7352,"date":"2020-12-04T00:06:55","date_gmt":"2020-12-04T03:06:55","guid":{"rendered":"https:\/\/tvc16.com\/portal\/?p=7352"},"modified":"2020-12-04T00:06:58","modified_gmt":"2020-12-04T03:06:58","slug":"secretaria-de-estado-de-saude-inicia-programa-de-testagem-para-diagnostico-de-covid-19","status":"publish","type":"post","link":"https:\/\/tvc16.com\/portal\/2020\/12\/04\/secretaria-de-estado-de-saude-inicia-programa-de-testagem-para-diagnostico-de-covid-19\/","title":{"rendered":"Secretaria de Estado de Sa\u00fade inicia programa de testagem para diagn\u00f3stico de Covid-19"},"content":{"rendered":"\n<p><em>Pacote de medidas contra o coronav\u00edrus conta ainda com a amplia\u00e7\u00e3o de 348 leitos de UTI<\/em><br>A Secretaria de Estado de Sa\u00fade (SES) inicia o programa de amplia\u00e7\u00e3o de testagem por RT-PCR para Covid-19. Os testes podem ser agendados pelo aplicativo Dados do Bem a partir desta quinta-feira (03). Os exames iniciam na sexta-feira (04) em tr\u00eas centros: no Hospital Estadual Alberto Torres e na Unidade de Pronto Atendimento (UPA) Coluband\u00ea, em S\u00e3o Gon\u00e7alo; e no Hospital Regional do M\u00e9dio Para\u00edba Dra. Zilda Arns, em Volta Redonda, com capacidade total de 1500 exames por dia.<br>Entre as medidas do pacote de enfrentamento ao avan\u00e7o do coronav\u00edrus est\u00e3o ainda a abertura de novos leitos de UTI destinados a pacientes com Covid-19, totalizando 348 leitos exclusivos. Desse n\u00famero, 112 j\u00e1 foram abertos nos \u00faltimos dias. Os outros leitos ser\u00e3o disponibilizados at\u00e9 o pr\u00f3ximo dia 15, de acordo com a evolu\u00e7\u00e3o dos casos.<br>A escolha das tr\u00eas unidades iniciais de testagem levou em considera\u00e7\u00e3o o aumento de casos naquelas regi\u00f5es e a oferta de exames RT-PCR j\u00e1 existente em outros munic\u00edpios do estado. Desde outubro, em parceria com a SES, as secretarias municipais de sa\u00fade v\u00eam aumentando a oferta de testes RT-PCR. S\u00f3 em novembro foram realizados 92.925 exames, caracterizando um aumento de 74% em rela\u00e7\u00e3o a outubro.<br>O secret\u00e1rio de estado de Sa\u00fade, Carlos Alberto Chaves, explica que a amplia\u00e7\u00e3o da testagem e aumento de leitos s\u00e3o essenciais para o atendimento adequado \u00e0 popula\u00e7\u00e3o nesta etapa. \u201cEstamos tomando as medidas necess\u00e1rias para o enfrentamento aos novos casos de Covid-19 no estado. Vamos ampliar ainda mais o n\u00famero de leitos e testar o maior n\u00famero poss\u00edvel de pessoas\u201d, disse o secret\u00e1rio.<br>A parceria com o aplicativo Dados do Bem consiste na cess\u00e3o gratuita da tecnologia para o estado, assim como a entrega da intelig\u00eancia de dados gerada pelo aplicativo. Al\u00e9m disso, tamb\u00e9m ser\u00e1 realizado o treinamento de profissionais para viabilizar a iniciativa. O objetivo \u00e9 que o programa seja ampliado nos pr\u00f3ximos dias para outras tr\u00eas unidades em regi\u00f5es onde for identificado aumento de casos de Covid-19.<\/p>\n\n\n\n<p>Como funciona o aplicativo &#8211; O&nbsp;usu\u00e1rio deve baixar, pelo celular, o aplicativo do Dados do Bem, realizar um cadastro e responder a um simples question\u00e1rio de autoavalia\u00e7\u00e3o. A partir dos dados fornecidos, a plataforma indica a possibilidade de ele estar infectado pelo novo coronav\u00edrus. Uma amostragem das pessoas cujas respostas ao question\u00e1rio apontarem para uma alta probabilidade de Covid-19 poder\u00e1 ser chamada para a realiza\u00e7\u00e3o de testes. O agendamento dos testes ser\u00e1 de segunda a segunda, de 7h \u00e0s 19h. O usu\u00e1rio receber\u00e1 o dia e hor\u00e1rio do agendamento na unidade mais pr\u00f3xima da sua moradia pelo pr\u00f3prio aplicativo. O resultado fica pronto em at\u00e9 72 horas e tamb\u00e9m \u00e9 disponibilizado pelo aplicativo.<\/p>\n\n\n\n<p>Quem pode testar &#8211; Voltada \u00e0 pacientes sintom\u00e1ticos a partir de 12 anos, entre o primeiro e o s\u00e9timo dia de in\u00edcio dos sintomas, al\u00e9m de pessoas que tiveram contato pr\u00f3ximo com casos confirmados de Covid-19.<\/p>\n\n\n\n<p>RT-PCR &#8211; Feito atrav\u00e9s da coleta de amostras no nariz com uma esp\u00e9cie de cotonete. Ap\u00f3s receber o resultado, caso seja positivo para Covid-19, o paciente poder\u00e1 indicar at\u00e9 cinco contatos familiares para realizarem testes tamb\u00e9m.&nbsp;<\/p>\n\n\n\n<p>Passo a passo para baixar o aplicativo &#8211; Acesse a loja de aplicativos do seu celular e fa\u00e7a o download do app. Esta etapa pode ser realizada tamb\u00e9m pelo site Dados do Bem pelo link&nbsp;<a rel=\"noreferrer noopener\" target=\"_blank\" href=\"https:\/\/dadosdobem.com.br\/\">https:\/\/dadosdobem.com.br\/<\/a>.&nbsp;<\/p>\n\n\n\n<p>Dados do Bem &#8211; Iniciativa sem fins lucrativos, desenvolvida pelo Instituto D&#8217;Or de Pesquisa e Ensino (IDOR) e pela Zoox , que combina intelig\u00eancia epidemiol\u00f3gica e big data para acompanhamento, em tempo real, da distribui\u00e7\u00e3o da epidemia do coronav\u00edrus nos centros urbanos. O aplicativo cria mapas de cont\u00e1gio e mostra os locais com maior \u00edndice de contamina\u00e7\u00e3o. Os resultados v\u00e3o auxiliar a popula\u00e7\u00e3o e o Poder P\u00fablico na tomada de decis\u00f5es em rela\u00e7\u00e3o ao enfrentamento da pandemia.&nbsp;&nbsp;<\/p>\n","protected":false},"excerpt":{"rendered":"<p>Pacote de medidas contra o coronav\u00edrus conta ainda com a amplia\u00e7\u00e3o de 348 leitos de<\/p>\n","protected":false},"author":2,"featured_media":7353,"comment_status":"open","ping_status":"open","sticky":false,"template":"","format":"standard","meta":{"footnotes":""},"categories":[13],"tags":[],"class_list":["post-7352","post","type-post","status-publish","format-standard","has-post-thumbnail","hentry","category-saude"],"_links":{"self":[{"href":"https:\/\/tvc16.com\/portal\/wp-json\/wp\/v2\/posts\/7352","targetHints":{"allow":["GET"]}}],"collection":[{"href":"https:\/\/tvc16.com\/portal\/wp-json\/wp\/v2\/posts"}],"about":[{"href":"https:\/\/tvc16.com\/portal\/wp-json\/wp\/v2\/types\/post"}],"author":[{"embeddable":true,"href":"https:\/\/tvc16.com\/portal\/wp-json\/wp\/v2\/users\/2"}],"replies":[{"embeddable":true,"href":"https:\/\/tvc16.com\/portal\/wp-json\/wp\/v2\/comments?post=7352"}],"version-history":[{"count":1,"href":"https:\/\/tvc16.com\/portal\/wp-json\/wp\/v2\/posts\/7352\/revisions"}],"predecessor-version":[{"id":7354,"href":"https:\/\/tvc16.com\/portal\/wp-json\/wp\/v2\/posts\/7352\/revisions\/7354"}],"wp:featuredmedia":[{"embeddable":true,"href":"https:\/\/tvc16.com\/portal\/wp-json\/wp\/v2\/media\/7353"}],"wp:attachment":[{"href":"https:\/\/tvc16.com\/portal\/wp-json\/wp\/v2\/media?parent=7352"}],"wp:term":[{"taxonomy":"category","embeddable":true,"href":"https:\/\/tvc16.com\/portal\/wp-json\/wp\/v2\/categories?post=7352"},{"taxonomy":"post_tag","embeddable":true,"href":"https:\/\/tvc16.com\/portal\/wp-json\/wp\/v2\/tags?post=7352"}],"curies":[{"name":"wp","href":"https:\/\/api.w.org\/{rel}","templated":true}]}}