{"id":7356,"date":"2020-12-04T00:10:41","date_gmt":"2020-12-04T03:10:41","guid":{"rendered":"https:\/\/tvc16.com\/portal\/?p=7356"},"modified":"2020-12-04T00:10:43","modified_gmt":"2020-12-04T03:10:43","slug":"corpo-de-bombeiros-rj-entrega-58-ambulancias-adquiridas-com-recursos-da-taxa-de-incendio","status":"publish","type":"post","link":"https:\/\/tvc16.com\/portal\/2020\/12\/04\/corpo-de-bombeiros-rj-entrega-58-ambulancias-adquiridas-com-recursos-da-taxa-de-incendio\/","title":{"rendered":"Corpo de Bombeiros RJ entrega 58 ambul\u00e2ncias adquiridas com recursos da Taxa de Inc\u00eandio"},"content":{"rendered":"\n<p><\/p>\n\n\n\n<p><em>Tributo tamb\u00e9m serviu para aquisi\u00e7\u00e3o de 20 motos aqu\u00e1ticas e um reboque mar\u00edtimo. Cerim\u00f4nia foi realizada durante o Dia do Patrono e marcou formatura de bombeiros<br><\/em><br>O governador em exerc\u00edcio Claudio Castro participou, nesta quarta-feira (02\/12), da entrega de 58 ambul\u00e2ncias, 20 motos aqu\u00e1ticas e um reboque mar\u00edtimo para o Corpo de Bombeiros. Com investimento total de cerca de R$ 14 milh\u00f5es, os equipamentos foram adquiridos com recursos da Taxa de Inc\u00eandio.<br>&#8211; Essa entrega \u00e9 uma forma de prestar conta ao cidad\u00e3o que paga a Taxa de Inc\u00eandio. \u00c9 importante ter um governo transparente que mostre a aplica\u00e7\u00e3o dos recursos. Do total destas ambul\u00e2ncias, por exemplo, 20 j\u00e1 est\u00e3o em opera\u00e7\u00e3o ajudando a salvar vidas &#8211; disse o governador.<br>Al\u00e9m da compra de equipamentos, a taxa \u00e9 utilizada tamb\u00e9m para a capacita\u00e7\u00e3o e atualiza\u00e7\u00e3o de recursos humanos e na manuten\u00e7\u00e3o do Corpo de Bombeiros e dos \u00f3rg\u00e3os da Secretaria de Estado da Defesa Civil.<br>Durante a cerim\u00f4nia, que marcou o Dia do Patrono da corpora\u00e7\u00e3o, em homenagem a Dom Pedro II, foi realizada a formatura dos cursos Superior de Bombeiro Militar e de Aperfei\u00e7oamento de Oficiais. Os primeiros colocados foram homenageados com a Medalha Comandante Moraes Antas, condecora\u00e7\u00e3o que premia o m\u00e9rito intelectual e profissional com objetivo de incentivar os estudos e as instru\u00e7\u00f5es.<br>O evento foi elaborado seguindo protocolos contra a Covid-19, com regras de distanciamento, aferi\u00e7\u00e3o de temperatura, uso de m\u00e1scaras e \u00e1lcool em gel e limite de lota\u00e7\u00e3o.<br>De acordo com o secret\u00e1rio de Estado de Defesa Civil e comandante-geral da corpora\u00e7\u00e3o, coronel Leandro Monteiro, este dia 2 de dezembro, anivers\u00e1rio do patrono, foi uma data ainda mais especial para a corpora\u00e7\u00e3o, j\u00e1 que marcou tamb\u00e9m a formatura e entrega de equipamentos.<br>&#8211; Hoje, deixamos esta data marcada nas hist\u00f3rias pessoais de muitos militares da nossa tropa. Agrade\u00e7o ao governador pela confian\u00e7a na nossa institui\u00e7\u00e3o. Ele est\u00e1 nos proporcionando, por exemplo, a valoriza\u00e7\u00e3o de nossos profissionais, promovendo primeiros sargentos a subtenentes; a emancipa\u00e7\u00e3o de um de nossos quart\u00e9is a grupamento, o de Paracambi; e a devolu\u00e7\u00e3o de quantias que foram arrestadas em ocasi\u00f5es anteriores. Al\u00e9m disso, entregando equipamentos importantes para a atua\u00e7\u00e3o desses her\u00f3is &#8211; destacou o comandante-geral, ressaltando a import\u00e2ncia da integra\u00e7\u00e3o da gest\u00e3o.<\/p>\n","protected":false},"excerpt":{"rendered":"<p>Tributo tamb\u00e9m serviu para aquisi\u00e7\u00e3o de 20 motos aqu\u00e1ticas e um reboque mar\u00edtimo. Cerim\u00f4nia foi<\/p>\n","protected":false},"author":2,"featured_media":7357,"comment_status":"open","ping_status":"open","sticky":false,"template":"","format":"standard","meta":{"footnotes":""},"categories":[17],"tags":[],"class_list":["post-7356","post","type-post","status-publish","format-standard","has-post-thumbnail","hentry","category-outras-noticias"],"_links":{"self":[{"href":"https:\/\/tvc16.com\/portal\/wp-json\/wp\/v2\/posts\/7356","targetHints":{"allow":["GET"]}}],"collection":[{"href":"https:\/\/tvc16.com\/portal\/wp-json\/wp\/v2\/posts"}],"about":[{"href":"https:\/\/tvc16.com\/portal\/wp-json\/wp\/v2\/types\/post"}],"author":[{"embeddable":true,"href":"https:\/\/tvc16.com\/portal\/wp-json\/wp\/v2\/users\/2"}],"replies":[{"embeddable":true,"href":"https:\/\/tvc16.com\/portal\/wp-json\/wp\/v2\/comments?post=7356"}],"version-history":[{"count":1,"href":"https:\/\/tvc16.com\/portal\/wp-json\/wp\/v2\/posts\/7356\/revisions"}],"predecessor-version":[{"id":7358,"href":"https:\/\/tvc16.com\/portal\/wp-json\/wp\/v2\/posts\/7356\/revisions\/7358"}],"wp:featuredmedia":[{"embeddable":true,"href":"https:\/\/tvc16.com\/portal\/wp-json\/wp\/v2\/media\/7357"}],"wp:attachment":[{"href":"https:\/\/tvc16.com\/portal\/wp-json\/wp\/v2\/media?parent=7356"}],"wp:term":[{"taxonomy":"category","embeddable":true,"href":"https:\/\/tvc16.com\/portal\/wp-json\/wp\/v2\/categories?post=7356"},{"taxonomy":"post_tag","embeddable":true,"href":"https:\/\/tvc16.com\/portal\/wp-json\/wp\/v2\/tags?post=7356"}],"curies":[{"name":"wp","href":"https:\/\/api.w.org\/{rel}","templated":true}]}}