{"id":7362,"date":"2020-12-04T00:16:31","date_gmt":"2020-12-04T03:16:31","guid":{"rendered":"https:\/\/tvc16.com\/portal\/?p=7362"},"modified":"2020-12-04T00:16:33","modified_gmt":"2020-12-04T03:16:33","slug":"abstencao-de-mais-de-30-em-eleicoes-municipais-faz-mourao-cogitar-fim-do-voto-obrigatorio","status":"publish","type":"post","link":"https:\/\/tvc16.com\/portal\/2020\/12\/04\/abstencao-de-mais-de-30-em-eleicoes-municipais-faz-mourao-cogitar-fim-do-voto-obrigatorio\/","title":{"rendered":"Absten\u00e7\u00e3o de mais de 30% em elei\u00e7\u00f5es municipais faz Mour\u00e3o cogitar fim do voto obrigat\u00f3rio"},"content":{"rendered":"\n<p>Para o vice-presidente \u201c\u00e9 algo a se pensar.&#8221;<\/p>\n\n\n\n<p>O <a href=\"https:\/\/www.tse.jus.br\/imprensa\/noticias-tse\/2020\/Novembro\/ao-final-do-2o-turno-presidente-do-tse-faz-balanco-das-eleicoes-2020\">balan\u00e7o final das elei\u00e7\u00f5es municipai<\/a>s de segundo turno, divulgado pelo ministro Lu\u00eds Roberto Barroso, presidente do Tribunal Superior Eleitoral (TSE), trouxe os n\u00fameros referentes ao quantitativo de eleitores que foram ao pleito no \u00faltimo dia 29 de novembro. O boletim indicou que 29,47% do eleitorado, ou 11.116.373 votantes n\u00e3o depositaram suas escolhas para gestores.&nbsp;<\/p>\n\n\n\n<p>Para o vice-presidente da Rep\u00fablica, general Hamilton Mour\u00e3o, o coeficiente abre brecha para se repensar a obrigatoriedade do voto. &#8220;\u00c9 uma absten\u00e7\u00e3o alta. Nos \u00faltimos anos ela j\u00e1 vinha [crescendo], acredito que aumentou por causa da pandemia&#8221;, disse Mour\u00e3o. &#8220;H\u00e1 algum tempo j\u00e1 se discute a quest\u00e3o do voto obrigat\u00f3rio aqui no Brasil, quando voc\u00ea v\u00ea candidato eleito com menos votos que os brancos, nulos e absten\u00e7\u00f5es, isso \u00e9 algo a se pensar.&#8221;<\/p>\n\n\n\n<p><strong><a href=\"https:\/\/brasil61.com\/noticias\/conheca-os-novos-prefeitos-das-capitais-dos-estados-do-norte-bras202821\">Conhe\u00e7a os novos prefeitos das capitais dos estados do Norte<\/a><\/strong><\/p>\n\n\n\n<p><strong><a href=\"https:\/\/brasil61.com\/noticias\/segundo-turno-chega-ao-fim-sem-secoes-com-votacao-manual-no-norte-do-pais-bras202809\">Segundo turno chega ao fim sem se\u00e7\u00f5es com vota\u00e7\u00e3o manual no Norte do Pa\u00eds<\/a><\/strong><\/p>\n\n\n\n<p><strong><a href=\"https:\/\/brasil61.com\/noticias\/presidente-do-tse-diz-que-combater-a-covid-19-e-as-fake-news-foram-prioridade-durante-as-eleicoes-bras202816\">Presidente do TSE diz que combater a Covid-19 e as Fake News foram prioridade durante as elei\u00e7\u00f5es<\/a><\/strong><\/p>\n\n\n\n<p>O total de votos brancos somou 1.035.217 (3,89%), e os nulos foram 2.344.085 (8,81%). Para o cientista pol\u00edtico e advogado Valdir Pucci, visto o alto \u00edndice de absten\u00e7\u00e3o influenciado pelas baixas penalidades aplicadas a quem contraria a obrigatoriedade do voto, pouca coisa deveria mudar caso esta condi\u00e7\u00e3o fosse retirada.&nbsp;<\/p>\n\n\n\n<p>\u201cEssa obrigatoriedade \u00e9 meio relativa j\u00e1 que a pessoa pode deixar de sofrer penalidade se justificar a aus\u00eancia do voto ou se pagar uma multa que hoje gira em torno de R$ 4,00. Ou seja, \u00e9 uma penalidade muito baixa para o n\u00e3o comparecimento. Por isso que hoje as pessoas pesam na balan\u00e7a e entendem ser melhor n\u00e3o comparecer e depois pagar a multa. Entendo que com o fim da obrigatoriedade no Pa\u00eds, n\u00f3s n\u00e3o ter\u00edamos uma grande diferen\u00e7a do que n\u00f3s temos hoje, justamente por causa desse entendimento\u201d, avalia.<\/p>\n\n\n\n<p>O voto nem sempre foi obrigat\u00f3rio no Brasil. Desde o per\u00edodo colonial, o voto era restrito a homens livres e as elei\u00e7\u00f5es eram locais. Com a independ\u00eancia, em 1822, ele continuou a ser censit\u00e1rio, ou seja, restrito a uma parcela da popula\u00e7\u00e3o definida por renda. Apenas em 1932, as mulheres receberam o mesmo direito ao voto que os homens, e o mesmo passou a ser secreto.<\/p>\n\n\n\n<figure class=\"wp-block-image\"><img decoding=\"async\" src=\"\/\/s3-sa-east-1.amazonaws.com\/agencia-radio-arb\/3271\/content_votacao.png\" alt=\"\"\/><\/figure>\n\n\n\n<p>Fonte: <a href=\"https:\/\/brasil61.com\/noticias\/abstencao-de-mais-de-30-em-eleicoes-municipais-faz-mourao-cogitar-fim-do-voto-obrigatorio-bras202873?email=bethdeoliveira@yahoo.com.br&amp;utm_source=newsletter&amp;utm_medium=newsletter&amp;utm_campaign=newsletter\" target=\"_blank\" rel=\"noreferrer noopener\">Brasil 61<\/a><\/p>\n","protected":false},"excerpt":{"rendered":"<p>Para o vice-presidente \u201c\u00e9 algo a se pensar.&#8221; O balan\u00e7o final das elei\u00e7\u00f5es municipais de<\/p>\n","protected":false},"author":2,"featured_media":7363,"comment_status":"open","ping_status":"open","sticky":false,"template":"","format":"standard","meta":{"footnotes":""},"categories":[15],"tags":[],"class_list":["post-7362","post","type-post","status-publish","format-standard","has-post-thumbnail","hentry","category-politica"],"_links":{"self":[{"href":"https:\/\/tvc16.com\/portal\/wp-json\/wp\/v2\/posts\/7362","targetHints":{"allow":["GET"]}}],"collection":[{"href":"https:\/\/tvc16.com\/portal\/wp-json\/wp\/v2\/posts"}],"about":[{"href":"https:\/\/tvc16.com\/portal\/wp-json\/wp\/v2\/types\/post"}],"author":[{"embeddable":true,"href":"https:\/\/tvc16.com\/portal\/wp-json\/wp\/v2\/users\/2"}],"replies":[{"embeddable":true,"href":"https:\/\/tvc16.com\/portal\/wp-json\/wp\/v2\/comments?post=7362"}],"version-history":[{"count":1,"href":"https:\/\/tvc16.com\/portal\/wp-json\/wp\/v2\/posts\/7362\/revisions"}],"predecessor-version":[{"id":7364,"href":"https:\/\/tvc16.com\/portal\/wp-json\/wp\/v2\/posts\/7362\/revisions\/7364"}],"wp:featuredmedia":[{"embeddable":true,"href":"https:\/\/tvc16.com\/portal\/wp-json\/wp\/v2\/media\/7363"}],"wp:attachment":[{"href":"https:\/\/tvc16.com\/portal\/wp-json\/wp\/v2\/media?parent=7362"}],"wp:term":[{"taxonomy":"category","embeddable":true,"href":"https:\/\/tvc16.com\/portal\/wp-json\/wp\/v2\/categories?post=7362"},{"taxonomy":"post_tag","embeddable":true,"href":"https:\/\/tvc16.com\/portal\/wp-json\/wp\/v2\/tags?post=7362"}],"curies":[{"name":"wp","href":"https:\/\/api.w.org\/{rel}","templated":true}]}}