{"id":7365,"date":"2020-12-04T00:19:05","date_gmt":"2020-12-04T03:19:05","guid":{"rendered":"https:\/\/tvc16.com\/portal\/?p=7365"},"modified":"2020-12-04T00:19:08","modified_gmt":"2020-12-04T03:19:08","slug":"gestores-publicos-ganham-mais-prazo-para-prestarem-contas-sobre-repasses-do-bolsa-familia-e-cadastro-unico","status":"publish","type":"post","link":"https:\/\/tvc16.com\/portal\/2020\/12\/04\/gestores-publicos-ganham-mais-prazo-para-prestarem-contas-sobre-repasses-do-bolsa-familia-e-cadastro-unico\/","title":{"rendered":"Gestores p\u00fablicos ganham mais prazo para prestarem contas sobre repasses do Bolsa Fam\u00edlia e Cadastro \u00danico"},"content":{"rendered":"\n<p>Amplia\u00e7\u00e3o refere-se \u00e0 utiliza\u00e7\u00e3o de recursos do \u00cdndice de Gest\u00e3o Descentralizada<\/p>\n\n\n\n<p>O <a href=\"https:\/\/www.in.gov.br\/en\/web\/dou\/-\/portaria-n-2-de-30-de-novembro-de-2020-291272303\" target=\"_blank\" rel=\"noreferrer noopener\">Governo Federal prorrogou o prazo<\/a> para que gestores municipais e estaduais possam prestar contas sobre a utiliza\u00e7\u00e3o de recursos do \u00cdndice de Gest\u00e3o Descentralizada (IGD-PBF) referentes ao ano de 2019. Segundo o governo, o indicador mede o desempenho de cada ente federativo para compor a base de c\u00e1lculo de recursos a serem transferidos no aperfei\u00e7oamento da gest\u00e3o local do Bolsa Fam\u00edlia e do Cadastro \u00danico.&nbsp;<\/p>\n\n\n\n<p>Os gestores t\u00eam at\u00e9 31 de dezembro deste ano para lan\u00e7arem no sistema do governo federal informa\u00e7\u00f5es sobre a comprova\u00e7\u00e3o de gastos dos recursos destinados aos Conselhos de Assist\u00eancia Social.&nbsp;<\/p>\n\n\n\n<p><strong><a href=\"https:\/\/brasil61.com\/noticias\/prorrogacao-da-desoneracao-da-folha-de-pagamento-deve-ajudar-a-preservar-empregos-no-segmento-da-construcao-maranhense-pind202318\" target=\"_blank\" rel=\"noreferrer noopener\">Prorroga\u00e7\u00e3o da desonera\u00e7\u00e3o da folha de pagamento deve ajudar a preservar empregos no segmento da constru\u00e7\u00e3o maranhense<\/a><\/strong><\/p>\n\n\n\n<p>Em rela\u00e7\u00e3o a informa\u00e7\u00f5es a respeito da an\u00e1lise da comprova\u00e7\u00e3o de gastos apresentada pelos Fundos de Assist\u00eancia Social, os gestores t\u00eam at\u00e9 31 de dezembro de 2021 para prestarem contas.&nbsp;<\/p>\n\n\n\n<p>Fonte: <a href=\"https:\/\/brasil61.com\/noticias\/gestores-publicos-ganham-mais-prazo-para-prestarem-contas-sobre-repasses-do-bolsa-familia-e-cadastro-unico-bras202869?email=bethdeoliveira@yahoo.com.br&amp;utm_source=newsletter&amp;utm_medium=newsletter&amp;utm_campaign=newsletter\" target=\"_blank\" rel=\"noreferrer noopener\">Brasil 61<\/a><\/p>\n","protected":false},"excerpt":{"rendered":"<p>Amplia\u00e7\u00e3o refere-se \u00e0 utiliza\u00e7\u00e3o de recursos do \u00cdndice de Gest\u00e3o Descentralizada O Governo Federal prorrogou<\/p>\n","protected":false},"author":2,"featured_media":7366,"comment_status":"open","ping_status":"open","sticky":false,"template":"","format":"standard","meta":{"footnotes":""},"categories":[18],"tags":[],"class_list":["post-7365","post","type-post","status-publish","format-standard","has-post-thumbnail","hentry","category-economia"],"_links":{"self":[{"href":"https:\/\/tvc16.com\/portal\/wp-json\/wp\/v2\/posts\/7365","targetHints":{"allow":["GET"]}}],"collection":[{"href":"https:\/\/tvc16.com\/portal\/wp-json\/wp\/v2\/posts"}],"about":[{"href":"https:\/\/tvc16.com\/portal\/wp-json\/wp\/v2\/types\/post"}],"author":[{"embeddable":true,"href":"https:\/\/tvc16.com\/portal\/wp-json\/wp\/v2\/users\/2"}],"replies":[{"embeddable":true,"href":"https:\/\/tvc16.com\/portal\/wp-json\/wp\/v2\/comments?post=7365"}],"version-history":[{"count":1,"href":"https:\/\/tvc16.com\/portal\/wp-json\/wp\/v2\/posts\/7365\/revisions"}],"predecessor-version":[{"id":7367,"href":"https:\/\/tvc16.com\/portal\/wp-json\/wp\/v2\/posts\/7365\/revisions\/7367"}],"wp:featuredmedia":[{"embeddable":true,"href":"https:\/\/tvc16.com\/portal\/wp-json\/wp\/v2\/media\/7366"}],"wp:attachment":[{"href":"https:\/\/tvc16.com\/portal\/wp-json\/wp\/v2\/media?parent=7365"}],"wp:term":[{"taxonomy":"category","embeddable":true,"href":"https:\/\/tvc16.com\/portal\/wp-json\/wp\/v2\/categories?post=7365"},{"taxonomy":"post_tag","embeddable":true,"href":"https:\/\/tvc16.com\/portal\/wp-json\/wp\/v2\/tags?post=7365"}],"curies":[{"name":"wp","href":"https:\/\/api.w.org\/{rel}","templated":true}]}}