{"id":7368,"date":"2020-12-04T00:27:27","date_gmt":"2020-12-04T03:27:27","guid":{"rendered":"https:\/\/tvc16.com\/portal\/?p=7368"},"modified":"2020-12-04T00:27:30","modified_gmt":"2020-12-04T03:27:30","slug":"lei-de-petropolis-que-proibe-uso-de-copos-descartaveis-em-grandes-eventos-realizados-pelo-poder-publico-municipal-serve-de-exemplo-para-o-estado","status":"publish","type":"post","link":"https:\/\/tvc16.com\/portal\/2020\/12\/04\/lei-de-petropolis-que-proibe-uso-de-copos-descartaveis-em-grandes-eventos-realizados-pelo-poder-publico-municipal-serve-de-exemplo-para-o-estado\/","title":{"rendered":"Lei de Petr\u00f3polis que pro\u00edbe uso de copos descart\u00e1veis em grandes eventos realizados pelo poder p\u00fablico municipal serve de exemplo para o estado"},"content":{"rendered":"\n<p>O projeto do vereador Hingo Hammes que deu origem \u00e0 lei municipal proibindo o uso de copos pl\u00e1sticos descart\u00e1veis comuns em grandes eventos realizados pela Prefeitura de Petr\u00f3polis est\u00e1 servindo de exemplo para o estado. Na semana passada, o deputado estadual S\u00e9rgio Fernandes apresentou na Assembleia Legislativa do Rio (Alerj) projeto de lei que veta a utiliza\u00e7\u00e3o destes copos\u00a0em todos os eventos oficiais e patrocinados, incentivados ou que dependam de alguma coopera\u00e7\u00e3o do Poder Executivo estadual. A ideia \u00e9 estimular o uso de copos retorn\u00e1veis ou biodegrad\u00e1veis, reduzindo o impacto no meio ambiente e levando \u00e0 reflex\u00e3o sobre a necessidade de mudan\u00e7a de h\u00e1bitos, buscando a\u00e7\u00f5es sustent\u00e1veis.<\/p>\n\n\n\n<figure class=\"wp-block-image size-large\"><img loading=\"lazy\" decoding=\"async\" width=\"820\" height=\"492\" src=\"https:\/\/tvc16.com\/portal\/wp-content\/uploads\/2020\/12\/sergio-fernandes.jpg\" alt=\"\" class=\"wp-image-7369\" srcset=\"https:\/\/tvc16.com\/portal\/wp-content\/uploads\/2020\/12\/sergio-fernandes.jpg 820w, https:\/\/tvc16.com\/portal\/wp-content\/uploads\/2020\/12\/sergio-fernandes-300x180.jpg 300w, https:\/\/tvc16.com\/portal\/wp-content\/uploads\/2020\/12\/sergio-fernandes-768x461.jpg 768w\" sizes=\"auto, (max-width: 820px) 100vw, 820px\" \/><figcaption>Deputado S\u00e9rgio Fernandes <\/figcaption><\/figure>\n\n\n\n<p>S\u00e9rgio Fernandes diz que a iniciativa, embora se baseie na proibi\u00e7\u00e3o do uso dos copos descart\u00e1veis comuns, tem como objetivo central promover o debate sobre a quest\u00e3o ambiental e estimular a conscientiza\u00e7\u00e3o da popula\u00e7\u00e3o. \u201c\u00c9 importante entender o que h\u00e1 por tr\u00e1s desta proposta. Estamos falando de eventos em que h\u00e1 utiliza\u00e7\u00e3o de recursos p\u00fablicos e que, portanto, devem equilibrar desenvolvimento social e desenvolvimento sustent\u00e1vel. \u00c9 preciso aliar a quest\u00e3o ambiental \u00e0 busca pelo desenvolvimento, pela gera\u00e7\u00e3o de emprego e renda\u201d, diz, explicando que esteve com o vereador petropolitano Hingo Hammes e contou com a ajuda dele para a formula\u00e7\u00e3o do projeto de lei estadual.\u00a0\u00a0<\/p>\n\n\n\n<figure class=\"wp-block-image size-large\"><img loading=\"lazy\" decoding=\"async\" width=\"554\" height=\"554\" src=\"https:\/\/tvc16.com\/portal\/wp-content\/uploads\/2020\/12\/images-2.jpeg\" alt=\"\" class=\"wp-image-7370\" srcset=\"https:\/\/tvc16.com\/portal\/wp-content\/uploads\/2020\/12\/images-2.jpeg 554w, https:\/\/tvc16.com\/portal\/wp-content\/uploads\/2020\/12\/images-2-300x300.jpeg 300w, https:\/\/tvc16.com\/portal\/wp-content\/uploads\/2020\/12\/images-2-150x150.jpeg 150w\" sizes=\"auto, (max-width: 554px) 100vw, 554px\" \/><figcaption>Vereador Hingo Hammes <\/figcaption><\/figure>\n\n\n\n<p>Hingo Hammes, que \u00e9 presidente da C\u00e2mara Municipal de Petr\u00f3polis, lembra que, na cidade, mais de 120 mil copos pl\u00e1sticos v\u00e3o para o lixo em um evento de apenas 10 dias.&nbsp;\u201cO pl\u00e1stico \u00e9 considerado um problema mundial hoje. \u00c9 o res\u00edduo s\u00f3lido menos reciclado, principalmente em fun\u00e7\u00e3o do baixo retorno. Se ainda n\u00e3o conseguimos acabar com o uso dele, precisamos trabalhar para, ao menos, reduzir este consumo\u201d, explica, frisando a import\u00e2ncia da ades\u00e3o da popula\u00e7\u00e3o \u00e0 iniciativa e lembrando que na pr\u00f3pria C\u00e2mara \u00e9 proibida a compra de copos pl\u00e1sticos descart\u00e1veis.&nbsp;<\/p>\n\n\n\n<p>\u201cO que fizemos em Petr\u00f3polis foi lan\u00e7ar um desafio a todos aqueles que participam de eventos na cidade: vamos buscar alternativas? Isso sem d\u00favida far\u00e1 com que as pessoas pensem melhor e esperamos que as solu\u00e7\u00f5es encontradas sejam levadas tamb\u00e9m para o trabalho e a pr\u00f3pria casa. \u00c9 um trabalho, como dizem, de formiguinha. J\u00e1 existem leis estaduais proibindo os canudos pl\u00e1sticos e as sacolas nos mercados e, aos poucos, todos se adaptaram. \u00c9 preciso desestimular o consumo de materiais n\u00e3o sustent\u00e1veis de maneira gradativa. Esperamos estimular os empres\u00e1rios a buscarem tamb\u00e9m outras alternativas, seja em eventos p\u00fablicos ou privados, em bares ou outros estabelecimentos. Temos que pensar juntos, construir solu\u00e7\u00f5es\u201d, frisa, lembrando que, em Petr\u00f3polis, a lei come\u00e7ou a valer este ano, mas, em fun\u00e7\u00e3o da pandemia, ainda n\u00e3o houve eventos ap\u00f3s as regras entrarem em vigor. A expectativa \u00e9 que a primeira realiza\u00e7\u00e3o adaptada \u00e0s novas regras seja a Bauernfest, em junho de 2021.<\/p>\n\n\n\n<p>O deputado estadual S\u00e9rgio Fernandes lembra que, na Alerj, o projeto ainda vai passar por comiss\u00f5es para ent\u00e3o, ser levado a vota\u00e7\u00e3o no plen\u00e1rio da Casa. \u201c\u00c9 dever dos entes pol\u00edticos buscar alternativas que ajudem na preserva\u00e7\u00e3o do ambiente e criar dificuldades \u00e0 utiliza\u00e7\u00e3o de produtos pl\u00e1sticos em geral. Essa lei certamente vai estimular a ado\u00e7\u00e3o de novas tecnologias que trar\u00e3o menos impacto \u00e0s futuras gera\u00e7\u00f5es\u201d, defende ele, lembrando que a proposta vai ao encontro de um crescente movimento global de combate ao lixo pl\u00e1stico, um dos principais vil\u00f5es da polui\u00e7\u00e3o marinha. Segundo a Organiza\u00e7\u00e3o das Na\u00e7\u00f5es Unidas (ONU), ao menos 50 pa\u00edses t\u00eam propostas nessa \u00e1rea.<\/p>\n\n\n\n<p>A Associa\u00e7\u00e3o Brasileira de Empresas de Limpeza P\u00fablica e Res\u00edduos (ABRELPE) estima que s\u00e3o consumidos, no Brasil, cerca de 720 milh\u00f5es de copos descart\u00e1veis por dia. Isso equivale a aproximadamente 1.500 toneladas de res\u00edduos. A maioria dos copos de pl\u00e1stico descart\u00e1veis utilizados no pa\u00eds hoje s\u00e3o produzidos a partir de poliestireno, componente derivado do petr\u00f3leo, uma fonte n\u00e3o renov\u00e1vel de mat\u00e9ria-prima. Produtos fabricados a partir desse material n\u00e3o s\u00e3o biodegrad\u00e1veis e, por isso, resistem muito tempo no meio ambiente, podendo ultrapassar os 450 anos.O projeto estadual prev\u00ea o prazo de 180 dias de adapta\u00e7\u00e3o, se a lei for sancionada.<\/p>\n","protected":false},"excerpt":{"rendered":"<p>O projeto do vereador Hingo Hammes que deu origem \u00e0 lei municipal proibindo o uso<\/p>\n","protected":false},"author":2,"featured_media":7371,"comment_status":"open","ping_status":"open","sticky":false,"template":"","format":"standard","meta":{"footnotes":""},"categories":[12],"tags":[],"class_list":["post-7368","post","type-post","status-publish","format-standard","has-post-thumbnail","hentry","category-cidade"],"_links":{"self":[{"href":"https:\/\/tvc16.com\/portal\/wp-json\/wp\/v2\/posts\/7368","targetHints":{"allow":["GET"]}}],"collection":[{"href":"https:\/\/tvc16.com\/portal\/wp-json\/wp\/v2\/posts"}],"about":[{"href":"https:\/\/tvc16.com\/portal\/wp-json\/wp\/v2\/types\/post"}],"author":[{"embeddable":true,"href":"https:\/\/tvc16.com\/portal\/wp-json\/wp\/v2\/users\/2"}],"replies":[{"embeddable":true,"href":"https:\/\/tvc16.com\/portal\/wp-json\/wp\/v2\/comments?post=7368"}],"version-history":[{"count":1,"href":"https:\/\/tvc16.com\/portal\/wp-json\/wp\/v2\/posts\/7368\/revisions"}],"predecessor-version":[{"id":7372,"href":"https:\/\/tvc16.com\/portal\/wp-json\/wp\/v2\/posts\/7368\/revisions\/7372"}],"wp:featuredmedia":[{"embeddable":true,"href":"https:\/\/tvc16.com\/portal\/wp-json\/wp\/v2\/media\/7371"}],"wp:attachment":[{"href":"https:\/\/tvc16.com\/portal\/wp-json\/wp\/v2\/media?parent=7368"}],"wp:term":[{"taxonomy":"category","embeddable":true,"href":"https:\/\/tvc16.com\/portal\/wp-json\/wp\/v2\/categories?post=7368"},{"taxonomy":"post_tag","embeddable":true,"href":"https:\/\/tvc16.com\/portal\/wp-json\/wp\/v2\/tags?post=7368"}],"curies":[{"name":"wp","href":"https:\/\/api.w.org\/{rel}","templated":true}]}}