{"id":7374,"date":"2020-12-04T00:32:00","date_gmt":"2020-12-04T03:32:00","guid":{"rendered":"https:\/\/tvc16.com\/portal\/?p=7374"},"modified":"2020-12-04T00:32:02","modified_gmt":"2020-12-04T03:32:02","slug":"brasileiros-terao-conta-de-luz-mais-cara-em-dezembro-revela-aneel","status":"publish","type":"post","link":"https:\/\/tvc16.com\/portal\/2020\/12\/04\/brasileiros-terao-conta-de-luz-mais-cara-em-dezembro-revela-aneel\/","title":{"rendered":"Brasileiros ter\u00e3o conta de luz mais cara em dezembro, revela Aneel"},"content":{"rendered":"\n<p>O \u00f3rg\u00e3o reativou o sistema de bandeira tarif\u00e1rias e estabeleceu bandeira vermelha patamar 2 para este m\u00eas. A taxa \u00e9 considerada a mais alta, com custo de R$ 6,243 por 100 quilowatts\/hora consumidos<\/p>\n\n\n\n<p>Os brasileiros v\u00e3o passar a ter a conta de luz para o m\u00eas de dezembro mais cara. Isso porque a Ag\u00eancia Nacional de Energia El\u00e9trica <a href=\"https:\/\/www.aneel.gov.br\/\">(Aneel)<\/a> reativou o sistema de bandeira tarif\u00e1rias e estabeleceu bandeira vermelha patamar 2 para este m\u00eas. A taxa \u00e9 considerada a mais alta, com custo de R$ 6,24 por 100 quilowatts\/hora consumidos.<\/p>\n\n\n\n<p>Por conta da pandemia, Aneel havia decidido, em maio, manter a bandeira verde acionada at\u00e9 31 de dezembro de 2020. No entanto, a diretoria do \u00f3rg\u00e3o alegou que a queda no n\u00edvel de armazenamento dos reservat\u00f3rios das usinas hidrel\u00e9tricas e a retomada do consumo de energia contribu\u00edram para a necessidade do aumento.<\/p>\n\n\n\n<p><a href=\"https:\/\/brasil61.com\/noticias\/trabalhadores-terao-nova-chance-de-solicitar-saque-emergencial-do-fgts-bras202851\"><strong>Trabalhadores ter\u00e3o nova chance de solicitar saque emergencial do FGTS<\/strong><\/a><\/p>\n\n\n\n<p><a href=\"https:\/\/brasil61.com\/noticias\/santa-catarina-tem-mais-de-3-9-mil-vagas-de-emprego-abertas-bras202850\"><strong>Santa Catarina tem mais de 3,9 mil vagas de emprego abertas<\/strong><\/a><\/p>\n\n\n\n<p>O sistema de bandeiras tarif\u00e1rias foi criado em 2015 como alternativa de recomposi\u00e7\u00e3o de gastos extras com a utiliza\u00e7\u00e3o de energia de usinas termel\u00e9tricas. A cor da bandeira, que pode ser vermelha, amarela ou verde, \u00e9 impressa na conta de luz e sinaliza o custo da energia em fun\u00e7\u00e3o das condi\u00e7\u00f5es de gera\u00e7\u00e3o.<\/p>\n\n\n\n<p>Fonte: <a href=\"https:\/\/brasil61.com\/noticias\/brasileiros-terao-conta-de-luz-mais-cara-em-dezembro-revela-aneel-bras202859?email=bethdeoliveira@yahoo.com.br&amp;utm_source=newsletter&amp;utm_medium=newsletter&amp;utm_campaign=newsletter\" target=\"_blank\" rel=\"noreferrer noopener\">Brasil 61<\/a><\/p>\n\n\n\n<p><\/p>\n","protected":false},"excerpt":{"rendered":"<p>O \u00f3rg\u00e3o reativou o sistema de bandeira tarif\u00e1rias e estabeleceu bandeira vermelha patamar 2 para<\/p>\n","protected":false},"author":2,"featured_media":7375,"comment_status":"open","ping_status":"open","sticky":false,"template":"","format":"standard","meta":{"footnotes":""},"categories":[18],"tags":[],"class_list":["post-7374","post","type-post","status-publish","format-standard","has-post-thumbnail","hentry","category-economia"],"_links":{"self":[{"href":"https:\/\/tvc16.com\/portal\/wp-json\/wp\/v2\/posts\/7374","targetHints":{"allow":["GET"]}}],"collection":[{"href":"https:\/\/tvc16.com\/portal\/wp-json\/wp\/v2\/posts"}],"about":[{"href":"https:\/\/tvc16.com\/portal\/wp-json\/wp\/v2\/types\/post"}],"author":[{"embeddable":true,"href":"https:\/\/tvc16.com\/portal\/wp-json\/wp\/v2\/users\/2"}],"replies":[{"embeddable":true,"href":"https:\/\/tvc16.com\/portal\/wp-json\/wp\/v2\/comments?post=7374"}],"version-history":[{"count":1,"href":"https:\/\/tvc16.com\/portal\/wp-json\/wp\/v2\/posts\/7374\/revisions"}],"predecessor-version":[{"id":7376,"href":"https:\/\/tvc16.com\/portal\/wp-json\/wp\/v2\/posts\/7374\/revisions\/7376"}],"wp:featuredmedia":[{"embeddable":true,"href":"https:\/\/tvc16.com\/portal\/wp-json\/wp\/v2\/media\/7375"}],"wp:attachment":[{"href":"https:\/\/tvc16.com\/portal\/wp-json\/wp\/v2\/media?parent=7374"}],"wp:term":[{"taxonomy":"category","embeddable":true,"href":"https:\/\/tvc16.com\/portal\/wp-json\/wp\/v2\/categories?post=7374"},{"taxonomy":"post_tag","embeddable":true,"href":"https:\/\/tvc16.com\/portal\/wp-json\/wp\/v2\/tags?post=7374"}],"curies":[{"name":"wp","href":"https:\/\/api.w.org\/{rel}","templated":true}]}}