{"id":7377,"date":"2020-12-04T00:34:03","date_gmt":"2020-12-04T03:34:03","guid":{"rendered":"https:\/\/tvc16.com\/portal\/?p=7377"},"modified":"2020-12-04T00:34:06","modified_gmt":"2020-12-04T03:34:06","slug":"populacao-desocupada-atinge-1376-milhoes-em-outubro-aponta-ibge","status":"publish","type":"post","link":"https:\/\/tvc16.com\/portal\/2020\/12\/04\/populacao-desocupada-atinge-1376-milhoes-em-outubro-aponta-ibge\/","title":{"rendered":"Popula\u00e7\u00e3o desocupada atinge 13,76 milh\u00f5es em outubro, aponta IBGE"},"content":{"rendered":"\n<p>Houve alta de 2,1% em rela\u00e7\u00e3o a setembro; taxa de desemprego atinge maior taxa desde maio<\/p>\n\n\n\n<p>No m\u00eas de outubro, a popula\u00e7\u00e3o desocupada em territ\u00f3rio nacional chegou a 13,76 milh\u00f5es. \u00c9 o que aponta a pesquisa mensal Pnad Covid-19, do IBGE. O resultado do d\u00e9cimo m\u00eas do ano \u00e9 o recorde da s\u00e9rie em 2020, iniciada em maio. Em rela\u00e7\u00e3o a setembro, houve alta de 2,1% na popula\u00e7\u00e3o desocupada. A taxa de desemprego ficou em 14,1%.&nbsp;<br><br>Segundo a pesquisa, a for\u00e7a de trabalho cresceu 1,5% na compara\u00e7\u00e3o com setembro e alcan\u00e7ou quase 98 milh\u00f5es em outubro. O n\u00famero de pessoas fora da for\u00e7a de trabalho teve redu\u00e7\u00e3o de 1,9% e somou 72,7 milh\u00f5es.&nbsp;<\/p>\n\n\n\n<p><strong><a href=\"https:\/\/brasil61.com\/noticias\/mais-de-4-mil-municipios-recebem-r-1-5-bilhao-para-investir-na-cultura-bras202854\">Mais de 4 mil munic\u00edpios recebem R$ 1,5 bilh\u00e3o para investir na cultura<\/a><\/strong><\/p>\n\n\n\n<p><strong><a href=\"https:\/\/brasil61.com\/noticias\/numero-de-empregados-na-agricultura-fica-normalizado-bras202855\">N\u00famero de empregados na agricultura fica normalizado<\/a><\/strong><br><br>O IBGE tamb\u00e9m levantou informa\u00e7\u00f5es sobre trabalhadores informais e aux\u00edlio emergencial. De acordo com o instituto, em outubro, 29 milh\u00f5es de pessoas tinham trabalho informal \u2013 total de 34,5% dos ocupados.<br><br>Em rela\u00e7\u00e3o ao benef\u00edcio, o Norte (58,4%) e o Nordeste (56,9%) foram as regi\u00f5es com os maiores percentuais de domic\u00edlios que receberam o aux\u00edlio. Amap\u00e1 (68,6%); Par\u00e1 (62,2%); Maranh\u00e3o (61,4%), Alagoas (60,3%) e Acre (59,6%) s\u00e3o os estados que mais tiveram acesso ao benef\u00edcio.&nbsp;<\/p>\n\n\n\n<p>Fonte: <a href=\"https:\/\/brasil61.com\/noticias\/populacao-desocupada-atinge-13-76-milhoes-em-outubro-aponta-ibge-bras202861?email=bethdeoliveira@yahoo.com.br&amp;utm_source=newsletter&amp;utm_medium=newsletter&amp;utm_campaign=newsletter\" target=\"_blank\" rel=\"noreferrer noopener\">Brasil 61<\/a><\/p>\n","protected":false},"excerpt":{"rendered":"<p>Houve alta de 2,1% em rela\u00e7\u00e3o a setembro; taxa de desemprego atinge maior taxa desde<\/p>\n","protected":false},"author":2,"featured_media":7378,"comment_status":"open","ping_status":"open","sticky":false,"template":"","format":"standard","meta":{"footnotes":""},"categories":[14],"tags":[],"class_list":["post-7377","post","type-post","status-publish","format-standard","has-post-thumbnail","hentry","category-pais"],"_links":{"self":[{"href":"https:\/\/tvc16.com\/portal\/wp-json\/wp\/v2\/posts\/7377","targetHints":{"allow":["GET"]}}],"collection":[{"href":"https:\/\/tvc16.com\/portal\/wp-json\/wp\/v2\/posts"}],"about":[{"href":"https:\/\/tvc16.com\/portal\/wp-json\/wp\/v2\/types\/post"}],"author":[{"embeddable":true,"href":"https:\/\/tvc16.com\/portal\/wp-json\/wp\/v2\/users\/2"}],"replies":[{"embeddable":true,"href":"https:\/\/tvc16.com\/portal\/wp-json\/wp\/v2\/comments?post=7377"}],"version-history":[{"count":1,"href":"https:\/\/tvc16.com\/portal\/wp-json\/wp\/v2\/posts\/7377\/revisions"}],"predecessor-version":[{"id":7379,"href":"https:\/\/tvc16.com\/portal\/wp-json\/wp\/v2\/posts\/7377\/revisions\/7379"}],"wp:featuredmedia":[{"embeddable":true,"href":"https:\/\/tvc16.com\/portal\/wp-json\/wp\/v2\/media\/7378"}],"wp:attachment":[{"href":"https:\/\/tvc16.com\/portal\/wp-json\/wp\/v2\/media?parent=7377"}],"wp:term":[{"taxonomy":"category","embeddable":true,"href":"https:\/\/tvc16.com\/portal\/wp-json\/wp\/v2\/categories?post=7377"},{"taxonomy":"post_tag","embeddable":true,"href":"https:\/\/tvc16.com\/portal\/wp-json\/wp\/v2\/tags?post=7377"}],"curies":[{"name":"wp","href":"https:\/\/api.w.org\/{rel}","templated":true}]}}