{"id":7380,"date":"2020-12-04T00:36:29","date_gmt":"2020-12-04T03:36:29","guid":{"rendered":"https:\/\/tvc16.com\/portal\/?p=7380"},"modified":"2020-12-04T00:36:32","modified_gmt":"2020-12-04T03:36:32","slug":"gestores-municipais-tem-ate-sexta-feira-4-para-confirmar-participacao-no-programa-municipio-prato-cheio","status":"publish","type":"post","link":"https:\/\/tvc16.com\/portal\/2020\/12\/04\/gestores-municipais-tem-ate-sexta-feira-4-para-confirmar-participacao-no-programa-municipio-prato-cheio\/","title":{"rendered":"Gestores municipais t\u00eam at\u00e9 sexta-feira (4) para confirmar participa\u00e7\u00e3o no programa Munic\u00edpio Prato Cheio"},"content":{"rendered":"\n<p>Se n\u00e3o se cadastrarem dentro do prazo, munic\u00edpios v\u00e3o deixar de receber kits de alimentos, higiene e limpeza para a popula\u00e7\u00e3o mais vulner\u00e1vel<\/p>\n\n\n\n<p>Gestores municipais de todo o pa\u00eds t\u00eam at\u00e9 a pr\u00f3xima sexta-feira (4) para cadastrarem a lista de fam\u00edlias no programa <a href=\"http:\/\/www.pratocheio.cnm.org.br\/\">Munic\u00edpio Prato Cheio para o Desenvolvimento.<\/a> \u00c9 a \u00faltima chance para as administra\u00e7\u00f5es participarem da iniciativa.&nbsp;<br>&nbsp;<br>O programa \u00e9 uma iniciativa da Confedera\u00e7\u00e3o Nacional de Munic\u00edpios (CNM) e de outras institui\u00e7\u00f5es, como o Sebrae. O objetivo \u00e9 a doa\u00e7\u00e3o de kits com itens essenciais de alimenta\u00e7\u00e3o, higiene e limpeza que v\u00e3o ser entregues para popula\u00e7\u00f5es vulner\u00e1veis dos munic\u00edpios que possuem menos de 50 mil habitantes e IDH (\u00cdndice de Desenvolvimento Humano) abaixo da m\u00e9dia nacional.&nbsp;<\/p>\n\n\n\n<p><strong><a href=\"https:\/\/brasil61.com\/noticias\/projeto-municipios-prato-cheio-prorroga-cadastro-de-familias-carentes-bras202652\">Projeto Munic\u00edpios Prato Cheio prorroga cadastro de fam\u00edlias carentes<\/a><\/strong><br>&nbsp;<br>Nesta segunda fase, 346 munic\u00edpios foram contemplados com a iniciativa. No entanto, caso os gestores municipais dessas cidades n\u00e3o fa\u00e7am o cadastro das fam\u00edlias at\u00e9 sexta, novos munic\u00edpios ser\u00e3o convocados. Ao todo, cerca de 200 mil fam\u00edlias devem ser beneficiadas. At\u00e9 o momento, 200 munic\u00edpios ainda n\u00e3o tinham manifestado interesse.&nbsp;<br>&nbsp;<br>A CNM disponibiliza a listagem dos munic\u00edpios contemplados. Caso o gestor n\u00e3o tenha recebido o e-mail de cadastro, deve entrar em contato com a CNM pelo n\u00famero (61) 2101-6000.&nbsp;<\/p>\n\n\n\n<p>Fonte: <a href=\"https:\/\/brasil61.com\/noticias\/gestores-municipais-tem-ate-sexta-feira-4-para-confirmar-participacao-no-programa-municipio-prato-cheio-bras202867?email=bethdeoliveira@yahoo.com.br&amp;utm_source=newsletter&amp;utm_medium=newsletter&amp;utm_campaign=newsletter\" target=\"_blank\" rel=\"noreferrer noopener\">Brasil 61<\/a><\/p>\n","protected":false},"excerpt":{"rendered":"<p>Se n\u00e3o se cadastrarem dentro do prazo, munic\u00edpios v\u00e3o deixar de receber kits de alimentos,<\/p>\n","protected":false},"author":2,"featured_media":7381,"comment_status":"open","ping_status":"open","sticky":false,"template":"","format":"standard","meta":{"footnotes":""},"categories":[14],"tags":[],"class_list":["post-7380","post","type-post","status-publish","format-standard","has-post-thumbnail","hentry","category-pais"],"_links":{"self":[{"href":"https:\/\/tvc16.com\/portal\/wp-json\/wp\/v2\/posts\/7380","targetHints":{"allow":["GET"]}}],"collection":[{"href":"https:\/\/tvc16.com\/portal\/wp-json\/wp\/v2\/posts"}],"about":[{"href":"https:\/\/tvc16.com\/portal\/wp-json\/wp\/v2\/types\/post"}],"author":[{"embeddable":true,"href":"https:\/\/tvc16.com\/portal\/wp-json\/wp\/v2\/users\/2"}],"replies":[{"embeddable":true,"href":"https:\/\/tvc16.com\/portal\/wp-json\/wp\/v2\/comments?post=7380"}],"version-history":[{"count":1,"href":"https:\/\/tvc16.com\/portal\/wp-json\/wp\/v2\/posts\/7380\/revisions"}],"predecessor-version":[{"id":7382,"href":"https:\/\/tvc16.com\/portal\/wp-json\/wp\/v2\/posts\/7380\/revisions\/7382"}],"wp:featuredmedia":[{"embeddable":true,"href":"https:\/\/tvc16.com\/portal\/wp-json\/wp\/v2\/media\/7381"}],"wp:attachment":[{"href":"https:\/\/tvc16.com\/portal\/wp-json\/wp\/v2\/media?parent=7380"}],"wp:term":[{"taxonomy":"category","embeddable":true,"href":"https:\/\/tvc16.com\/portal\/wp-json\/wp\/v2\/categories?post=7380"},{"taxonomy":"post_tag","embeddable":true,"href":"https:\/\/tvc16.com\/portal\/wp-json\/wp\/v2\/tags?post=7380"}],"curies":[{"name":"wp","href":"https:\/\/api.w.org\/{rel}","templated":true}]}}