{"id":7385,"date":"2020-12-04T00:45:03","date_gmt":"2020-12-04T03:45:03","guid":{"rendered":"https:\/\/tvc16.com\/portal\/?p=7385"},"modified":"2020-12-04T00:45:05","modified_gmt":"2020-12-04T03:45:05","slug":"nova-iguacu-tera-rematricula-automatica-e-pre-matricula-online","status":"publish","type":"post","link":"https:\/\/tvc16.com\/portal\/2020\/12\/04\/nova-iguacu-tera-rematricula-automatica-e-pre-matricula-online\/","title":{"rendered":"Nova Igua\u00e7u ter\u00e1 rematr\u00edcula autom\u00e1tica e pr\u00e9-matr\u00edcula online"},"content":{"rendered":"\n<p>A Secretaria Municipal de Educa\u00e7\u00e3o de Nova Igua\u00e7u anunciou como ser\u00e1 o processo de renova\u00e7\u00e3o de matr\u00edcula dos alunos da rede para o ano letivo de 2021. Excepcionalmente este ano, em fun\u00e7\u00e3o das medidas de combate ao novo coronav\u00edrus (Covid-19), o processo ser\u00e1 autom\u00e1tico, sem que o aluno maior de 18 anos ou respons\u00e1vel necessite ir \u00e0 unidade de ensino concretizar a rematr\u00edcula. Estudantes que necessitarem ou desejarem trocar de escola ou alunos vindos da rede particular dever\u00e3o realizar o processo de pr\u00e9-matr\u00edcula on-line a partir do dia 7 de dezembro.<\/p>\n\n\n\n<p>Alunos da Educa\u00e7\u00e3o Especial, da Educa\u00e7\u00e3o Infantil, do Ensino Fundamental e da Educa\u00e7\u00e3o de Jovens e Adultos (EJA) dever\u00e3o efetuar a pr\u00e9-matr\u00edcula acessando o site&nbsp;<a rel=\"noreferrer noopener\" target=\"_blank\" href=\"http:\/\/www.matricula.novaiguacu.rj.gov.br\/\">www.matricula.novaiguacu.rj.gov.br<\/a>&nbsp;at\u00e9 o dia 14 de dezembro. A rela\u00e7\u00e3o dos estudantes contemplados ser\u00e1 divulgada no dia 18, tamb\u00e9m pela internet.<\/p>\n\n\n\n<p>Ap\u00f3s a primeira fase da pr\u00e9-matr\u00edcula online, o respons\u00e1vel dever\u00e1 ir \u00e0 unidade escolar, mediante agendamento, levando termo de compromisso, que ser\u00e1 emitido durante o processo, al\u00e9m de dois retratos 3\u00d74, original e c\u00f3pia da Certid\u00e3o de Registro Civil de Nascimento, de Casamento ou Identidade do aluno, original e c\u00f3pia da Identidade e do CPF do respons\u00e1vel, hist\u00f3rico escolar original ou declara\u00e7\u00e3o de escolaridade, comprovante de resid\u00eancia atualizado, caderneta de vacina\u00e7\u00e3o do aluno menor de 7 anos, cart\u00e3o do SUS e fator RH.<\/p>\n\n\n\n<p>Mais informa\u00e7\u00f5es a respeito do processo de pr\u00e9-matr\u00edcula podem ser consultadas na&nbsp;<a rel=\"noreferrer noopener\" target=\"_blank\" href=\"http:\/\/www.novaiguacu.rj.gov.br\/wp\/wp-content\/uploads\/2020\/12\/diariooficial_30_11_2020_16067774822.pdf\">Portaria de Matr\u00edcula SEMED n\u00ba 059 de 30 de novembro de 2020<\/a>.<\/p>\n","protected":false},"excerpt":{"rendered":"<p>A Secretaria Municipal de Educa\u00e7\u00e3o de Nova Igua\u00e7u anunciou como ser\u00e1 o processo de renova\u00e7\u00e3o<\/p>\n","protected":false},"author":2,"featured_media":7386,"comment_status":"open","ping_status":"open","sticky":false,"template":"","format":"standard","meta":{"footnotes":""},"categories":[19],"tags":[],"class_list":["post-7385","post","type-post","status-publish","format-standard","has-post-thumbnail","hentry","category-educacao"],"_links":{"self":[{"href":"https:\/\/tvc16.com\/portal\/wp-json\/wp\/v2\/posts\/7385","targetHints":{"allow":["GET"]}}],"collection":[{"href":"https:\/\/tvc16.com\/portal\/wp-json\/wp\/v2\/posts"}],"about":[{"href":"https:\/\/tvc16.com\/portal\/wp-json\/wp\/v2\/types\/post"}],"author":[{"embeddable":true,"href":"https:\/\/tvc16.com\/portal\/wp-json\/wp\/v2\/users\/2"}],"replies":[{"embeddable":true,"href":"https:\/\/tvc16.com\/portal\/wp-json\/wp\/v2\/comments?post=7385"}],"version-history":[{"count":1,"href":"https:\/\/tvc16.com\/portal\/wp-json\/wp\/v2\/posts\/7385\/revisions"}],"predecessor-version":[{"id":7387,"href":"https:\/\/tvc16.com\/portal\/wp-json\/wp\/v2\/posts\/7385\/revisions\/7387"}],"wp:featuredmedia":[{"embeddable":true,"href":"https:\/\/tvc16.com\/portal\/wp-json\/wp\/v2\/media\/7386"}],"wp:attachment":[{"href":"https:\/\/tvc16.com\/portal\/wp-json\/wp\/v2\/media?parent=7385"}],"wp:term":[{"taxonomy":"category","embeddable":true,"href":"https:\/\/tvc16.com\/portal\/wp-json\/wp\/v2\/categories?post=7385"},{"taxonomy":"post_tag","embeddable":true,"href":"https:\/\/tvc16.com\/portal\/wp-json\/wp\/v2\/tags?post=7385"}],"curies":[{"name":"wp","href":"https:\/\/api.w.org\/{rel}","templated":true}]}}