{"id":7388,"date":"2020-12-04T00:55:32","date_gmt":"2020-12-04T03:55:32","guid":{"rendered":"https:\/\/tvc16.com\/portal\/?p=7388"},"modified":"2020-12-04T10:41:03","modified_gmt":"2020-12-04T13:41:03","slug":"comeca-nesta-sexta-feira-o-natal-feirinha-de-luz","status":"publish","type":"post","link":"https:\/\/tvc16.com\/portal\/2020\/12\/04\/comeca-nesta-sexta-feira-o-natal-feirinha-de-luz\/","title":{"rendered":"Come\u00e7a nesta sexta-feira o natal &#8220;Feirinha de Luz&#8221; em Itaipava"},"content":{"rendered":"\n<p>O local ter\u00e1, al\u00e9m da decora\u00e7\u00e3o,  a casa do papai Noel e funcionar\u00e1 em hor\u00e1rio especial <\/p>\n\n\n\n<p>Quem conhece a Feirinha de Itaipava sabe que todos os fins de semana e feriados o espa\u00e7o est\u00e1 aberto ao p\u00fablico para compras e lazer. <\/p>\n\n\n\n<p>A novidade este ano \u00e9 o Natal de Luz que promete encantar petropolitanos, visitantes  turistas. <\/p>\n\n\n\n<p>Com ilumina\u00e7\u00e3o t\u00edpica, e a magia do natal, os comerciantes esperam  boas vendas, mesmo em \u00e9poca de pandemia.<\/p>\n\n\n\n<figure class=\"wp-block-image size-large is-resized\"><img loading=\"lazy\" decoding=\"async\" src=\"https:\/\/tvc16.com\/portal\/wp-content\/uploads\/2020\/12\/IMG-20201130-WA0076-1024x1024.jpg\" alt=\"\" class=\"wp-image-7389\" width=\"459\" height=\"459\" srcset=\"https:\/\/tvc16.com\/portal\/wp-content\/uploads\/2020\/12\/IMG-20201130-WA0076-1024x1024.jpg 1024w, https:\/\/tvc16.com\/portal\/wp-content\/uploads\/2020\/12\/IMG-20201130-WA0076-300x300.jpg 300w, https:\/\/tvc16.com\/portal\/wp-content\/uploads\/2020\/12\/IMG-20201130-WA0076-150x150.jpg 150w, https:\/\/tvc16.com\/portal\/wp-content\/uploads\/2020\/12\/IMG-20201130-WA0076-768x768.jpg 768w, https:\/\/tvc16.com\/portal\/wp-content\/uploads\/2020\/12\/IMG-20201130-WA0076.jpg 1080w\" sizes=\"auto, (max-width: 459px) 100vw, 459px\" \/><\/figure>\n","protected":false},"excerpt":{"rendered":"<p>O local ter\u00e1, al\u00e9m da decora\u00e7\u00e3o, a casa do papai Noel e funcionar\u00e1 em hor\u00e1rio<\/p>\n","protected":false},"author":2,"featured_media":7428,"comment_status":"open","ping_status":"open","sticky":false,"template":"","format":"standard","meta":{"footnotes":""},"categories":[12],"tags":[],"class_list":["post-7388","post","type-post","status-publish","format-standard","has-post-thumbnail","hentry","category-cidade"],"_links":{"self":[{"href":"https:\/\/tvc16.com\/portal\/wp-json\/wp\/v2\/posts\/7388","targetHints":{"allow":["GET"]}}],"collection":[{"href":"https:\/\/tvc16.com\/portal\/wp-json\/wp\/v2\/posts"}],"about":[{"href":"https:\/\/tvc16.com\/portal\/wp-json\/wp\/v2\/types\/post"}],"author":[{"embeddable":true,"href":"https:\/\/tvc16.com\/portal\/wp-json\/wp\/v2\/users\/2"}],"replies":[{"embeddable":true,"href":"https:\/\/tvc16.com\/portal\/wp-json\/wp\/v2\/comments?post=7388"}],"version-history":[{"count":3,"href":"https:\/\/tvc16.com\/portal\/wp-json\/wp\/v2\/posts\/7388\/revisions"}],"predecessor-version":[{"id":7429,"href":"https:\/\/tvc16.com\/portal\/wp-json\/wp\/v2\/posts\/7388\/revisions\/7429"}],"wp:featuredmedia":[{"embeddable":true,"href":"https:\/\/tvc16.com\/portal\/wp-json\/wp\/v2\/media\/7428"}],"wp:attachment":[{"href":"https:\/\/tvc16.com\/portal\/wp-json\/wp\/v2\/media?parent=7388"}],"wp:term":[{"taxonomy":"category","embeddable":true,"href":"https:\/\/tvc16.com\/portal\/wp-json\/wp\/v2\/categories?post=7388"},{"taxonomy":"post_tag","embeddable":true,"href":"https:\/\/tvc16.com\/portal\/wp-json\/wp\/v2\/tags?post=7388"}],"curies":[{"name":"wp","href":"https:\/\/api.w.org\/{rel}","templated":true}]}}