{"id":7396,"date":"2020-12-04T10:06:08","date_gmt":"2020-12-04T13:06:08","guid":{"rendered":"https:\/\/tvc16.com\/portal\/?p=7396"},"modified":"2020-12-04T10:06:10","modified_gmt":"2020-12-04T13:06:10","slug":"pre-matriculas-para-as-escolas-estaduais-no-rj-comecam-hoje-dia-4","status":"publish","type":"post","link":"https:\/\/tvc16.com\/portal\/2020\/12\/04\/pre-matriculas-para-as-escolas-estaduais-no-rj-comecam-hoje-dia-4\/","title":{"rendered":"Pr\u00e9-matr\u00edculas para as escolas estaduais no RJ come\u00e7am hoje, dia 4"},"content":{"rendered":"\n<p><em>Inscri\u00e7\u00f5es devem ser feitas pelo site\u00a0<a rel=\"noreferrer noopener\" target=\"_blank\" href=\"http:\/\/www.matriculafacil.rj.gov.br\/\">www.matriculafacil.rj.gov.br<\/a>, at\u00e9 o dia 22 de dezembro<\/em><br>A Secretaria de Estado de Educa\u00e7\u00e3o do Rio de Janeiro (Seeduc-RJ) abre, nesta sexta-feira, dia 4 de dezembro, o per\u00edodo de pr\u00e9-matr\u00edculas para escolas da rede p\u00fablica. S\u00e3o mais de mil unidades de ensino estaduais com oportunidades dispon\u00edveis. As inscri\u00e7\u00f5es devem ser feitas pelo site Matr\u00edcula F\u00e1cil (<a rel=\"noreferrer noopener\" target=\"_blank\" href=\"http:\/\/www.matriculafacil.rj.gov.br\/\">www.matriculafacil.rj.gov.br<\/a>).<\/p>\n\n\n\n<p>A Seeduc refor\u00e7a que a 1\u00aa fase da pr\u00e9-matr\u00edcula n\u00e3o acontece por ordem de inscri\u00e7\u00e3o. Os estudantes s\u00e3o alocados obedecendo aos seguintes crit\u00e9rios do Estatuto da Crian\u00e7a e do Adolescente, nesta ordem:<\/p>\n\n\n\n<p>1 &#8211; prefer\u00eancia \u00e0 pessoa com defici\u00eancia; 2 &#8211; prefer\u00eancia para crian\u00e7as e adolescentes at\u00e9 18 anos incompletos; 3 &#8211; perman\u00eancia na Rede P\u00fablica de Ensino; 4 &#8211; proximidade da resid\u00eancia; 5 &#8211; em caso de empate, a prioridade ser\u00e1 para o aluno mais novo.<\/p>\n\n\n\n<p>No site Matr\u00edcula F\u00e1cil, o aluno encontrar\u00e1 informa\u00e7\u00f5es sobre como se inscrever; escolas com vagas dispon\u00edveis; idade para cada s\u00e9rie ofertada; como e quando confirmar a matr\u00edcula na escola.<\/p>\n\n\n\n<p>No dia 30 de dezembro, o resultado da aloca\u00e7\u00e3o ser\u00e1 divulgado no site Matr\u00edcula F\u00e1cil. Na p\u00e1gina, o respons\u00e1vel &#8211; ou o aluno maior de 18 anos &#8211; poder\u00e1 verificar o dia e o hor\u00e1rio agendados para que compare\u00e7a \u00e0 escola e realize a confirma\u00e7\u00e3o da matr\u00edcula, no per\u00edodo de 4 a 14 de janeiro de 2021.<\/p>\n\n\n\n<p>A matr\u00edcula informatizada conta com a parceria do Centro de Tecnologia da Informa\u00e7\u00e3o e Comunica\u00e7\u00e3o do Estado do Rio de Janeiro (Proderj).<\/p>\n\n\n\n<p><strong>Matr\u00edculas especiais<br><\/strong>Para o ano letivo de 2021, a Seeduc prev\u00ea uma matr\u00edcula especial para que os estudantes de terminalidade do Ensino M\u00e9dio possam aprofundar o conte\u00fado do \u00faltimo ano, caso desejem. O calend\u00e1rio para essas matr\u00edculas especiais est\u00e1 sendo elaborado pela pasta e ser\u00e1 divulgado em separado.<br><br><strong>SERVI\u00c7O<br>PR\u00c9-MATR\u00cdCULA<\/strong><br>Per\u00edodo de pr\u00e9-matr\u00edculas pela internet: de 4 a 22 de dezembro (<a rel=\"noreferrer noopener\" target=\"_blank\" href=\"http:\/\/www.matriculafacil.rj.gov.br\/\">www.matriculafacil.rj.gov.br<\/a>)<\/p>\n\n\n\n<p>Resultado da aloca\u00e7\u00e3o: 30 de dezembro (divulga\u00e7\u00e3o no site&nbsp;<a rel=\"noreferrer noopener\" target=\"_blank\" href=\"http:\/\/www.matriculafacil.rj.gov.br\/\">www.matriculafacil.rj.gov.br<\/a>)<\/p>\n\n\n\n<p>Confirma\u00e7\u00e3o da pr\u00e9-matr\u00edcula: de 04 a 14 de janeiro de 2021 (em dia e hor\u00e1rio informados no&nbsp;<a rel=\"noreferrer noopener\" target=\"_blank\" href=\"http:\/\/www.matriculafacil.rj.gov.br\/\">www.matriculafacil.rj.gov.br<\/a>)<\/p>\n","protected":false},"excerpt":{"rendered":"<p>Inscri\u00e7\u00f5es devem ser feitas pelo site\u00a0www.matriculafacil.rj.gov.br, at\u00e9 o dia 22 de dezembroA Secretaria de Estado<\/p>\n","protected":false},"author":2,"featured_media":7397,"comment_status":"open","ping_status":"open","sticky":false,"template":"","format":"standard","meta":{"footnotes":""},"categories":[19],"tags":[],"class_list":["post-7396","post","type-post","status-publish","format-standard","has-post-thumbnail","hentry","category-educacao"],"_links":{"self":[{"href":"https:\/\/tvc16.com\/portal\/wp-json\/wp\/v2\/posts\/7396","targetHints":{"allow":["GET"]}}],"collection":[{"href":"https:\/\/tvc16.com\/portal\/wp-json\/wp\/v2\/posts"}],"about":[{"href":"https:\/\/tvc16.com\/portal\/wp-json\/wp\/v2\/types\/post"}],"author":[{"embeddable":true,"href":"https:\/\/tvc16.com\/portal\/wp-json\/wp\/v2\/users\/2"}],"replies":[{"embeddable":true,"href":"https:\/\/tvc16.com\/portal\/wp-json\/wp\/v2\/comments?post=7396"}],"version-history":[{"count":1,"href":"https:\/\/tvc16.com\/portal\/wp-json\/wp\/v2\/posts\/7396\/revisions"}],"predecessor-version":[{"id":7398,"href":"https:\/\/tvc16.com\/portal\/wp-json\/wp\/v2\/posts\/7396\/revisions\/7398"}],"wp:featuredmedia":[{"embeddable":true,"href":"https:\/\/tvc16.com\/portal\/wp-json\/wp\/v2\/media\/7397"}],"wp:attachment":[{"href":"https:\/\/tvc16.com\/portal\/wp-json\/wp\/v2\/media?parent=7396"}],"wp:term":[{"taxonomy":"category","embeddable":true,"href":"https:\/\/tvc16.com\/portal\/wp-json\/wp\/v2\/categories?post=7396"},{"taxonomy":"post_tag","embeddable":true,"href":"https:\/\/tvc16.com\/portal\/wp-json\/wp\/v2\/tags?post=7396"}],"curies":[{"name":"wp","href":"https:\/\/api.w.org\/{rel}","templated":true}]}}