{"id":740,"date":"2020-09-19T16:05:03","date_gmt":"2020-09-19T16:05:03","guid":{"rendered":"https:\/\/tvc16.com\/portal\/?p=740"},"modified":"2020-09-19T16:05:03","modified_gmt":"2020-09-19T16:05:03","slug":"municipios-mantem-alta-em-relacao-a-contratacoes-de-profissionais-de-saude-aponta-iess","status":"publish","type":"post","link":"https:\/\/tvc16.com\/portal\/2020\/09\/19\/municipios-mantem-alta-em-relacao-a-contratacoes-de-profissionais-de-saude-aponta-iess\/","title":{"rendered":"Munic\u00edpios mant\u00eam alta em rela\u00e7\u00e3o a contrata\u00e7\u00f5es de profissionais de sa\u00fade, aponta IESS"},"content":{"rendered":"\n<p>A cria\u00e7\u00e3o de empregos formais na cadeia produtiva da sa\u00fade segue em destaque em todo o Brasil. Dados do <a href=\"https:\/\/www.iess.org.br\/cms\/rep\/Relatorio_Emprego_julho_20.pdf\">&#8220;Relat\u00f3rio do Emprego na Cadeia Produtiva da Sa\u00fade&#8221;<\/a>, divulgado mensalmente pelo Instituto de Estudos de Sa\u00fade Suplementar <a href=\"https:\/\/www.iess.org.br\/\">(IESS)<\/a>, aponta que as contrata\u00e7\u00f5es saltaram de 436,3 mil pessoas em abril para 458,7 mil em julho de 2020. O crescimento foi de 5,1%.<\/p>\n\n\n\n<p>O superintendente do IESS, Jos\u00e9 Cechin, explica que os dados s\u00e3o referentes a 264 munic\u00edpios analisados pela pesquisa. Essas localidades respondem por 53% dos habitantes do Pa\u00eds. Segundo Cechin, como os munic\u00edpios s\u00e3o os entes federados mais pr\u00f3ximos \u00e0 popula\u00e7\u00e3o, houve essa necessidade de investimento, principalmente por causa da pandemia.<\/p>\n\n\n\n<p>\u201cNo meio dessa pandemia, com muita gente ficando doente ao mesmo tempo, de uma mesma causa, s\u00edndrome respirat\u00f3ria aguda grave, os munic\u00edpios tiveram que intensificar a presta\u00e7\u00e3o dos servi\u00e7os. Precisavam construir hospitais de campanha, abrir leitos, contratar profissionais, treinar profissionais para atuar. Isso porque o uso de um respirador artificial, por exemplo, exige uma certa t\u00e9cnica\u201d, afirmou.<\/p>\n\n\n\n<p>Em rela\u00e7\u00e3o \u00e0 sa\u00fade p\u00fablica, a regi\u00e3o Sudeste possui 196,5 mil dos empregos municipais, o que representa 43% do total. A regi\u00e3o Norte do pa\u00eds, por sua vez, conta com o menor n\u00famero de postos na \u00e1rea, com 34,8 mil, ou seja 8% do total.<\/p>\n\n\n\n<p>&#8220;Interessante notar como os n\u00fameros estaduais e federais caminham na dire\u00e7\u00e3o oposta. A regi\u00e3o Sul registrou crescimento nessas duas esferas. Entretanto, as regi\u00f5es Norte, Nordeste e Sudeste tiveram queda no \u00e2mbito Federal e aumento no estadual. Na regi\u00e3o Centro-Oeste o movimento foi contr\u00e1rio&#8221;, avalia Cechin.<\/p>\n\n\n\n<p>Nos estados, a quantidade de pessoas empregadas na \u00e1rea da sa\u00fade p\u00fablica chegava, em julho, a 376,3 mil. O quadro correspondia a um crescimento de 3,3% em rela\u00e7\u00e3o a abril desse ano. As regi\u00f5es Nordeste e Norte tiveram os n\u00fameros mais expressivos de crescimento, com 6,2% e 4,3%, respectivamente.<\/p>\n\n\n\n<p>O consultor na \u00e1rea de sa\u00fade da Confedera\u00e7\u00e3o Nacional de Munic\u00edpios <a href=\"https:\/\/www.cnm.org.br\/\">(CNM)<\/a>, Denilson Magalh\u00e3es, destaca que, o n\u00famero de profissionais de sa\u00fade que atuam no SUS, chega mais de 3 milh\u00f5es, distribu\u00eddos nas esferas federal, estadual e municipal, al\u00e9m da iniciativa privada. Desse total, segundo ele, mais de 1,5 milh\u00e3o est\u00e3o vinculados \u00e0 administra\u00e7\u00e3o p\u00fablica municipal, ou seja, 49%.<\/p>\n\n\n\n<p>\u201cOs munic\u00edpios t\u00eam uma grande participa\u00e7\u00e3o na estrutura\u00e7\u00e3o e organiza\u00e7\u00e3o dos servi\u00e7os, e s\u00e3o respons\u00e1veis pela maior parte das contrata\u00e7\u00f5es de profissionais de sa\u00fade que atendem no sistema p\u00fablico de sa\u00fade. Muitos munic\u00edpios est\u00e3o implantando protocolos de atendimento b\u00e1sico, inclusive recomentados pelo pr\u00f3prio Minist\u00e9rio da Sa\u00fade\u201d, pontua.<\/p>\n\n\n\n<figure class=\"wp-block-image\"><img decoding=\"async\" src=\"\/\/s3-sa-east-1.amazonaws.com\/agencia-radio-arb\/2882\/content_empregos-publicos.png\" alt=\"\" title=\"Brasil 61\"\/><\/figure>\n\n\n\n<h2 class=\"wp-block-heading\">Contra\u00e7\u00f5es gerais em outros setores<\/h2>\n\n\n\n<p>O relat\u00f3rio tamb\u00e9m aborda dados referentes ao n\u00edvel da empregabilidade no setor de Servi\u00e7os, que teve resultado negativo no per\u00edodo analisado. Os \u00edndices foram puxados por subsetores que foram diretamente afetados pela crise econ\u00f4mico-sanit\u00e1ria. O destaque foi para o segmento de Alojamento e Alimenta\u00e7\u00e3o, que inclui hot\u00e9is e restaurantes, que tiveram recuo de cerca de 25 mil contrata\u00e7\u00f5es. Na sequ\u00eancia aparece o de Educa\u00e7\u00e3o, com 19 mil vagas a menos.<\/p>\n\n\n\n<p><a href=\"https:\/\/brasil61.com\/noticias\/hospitais-das-regioes-norte-nordeste-e-centro-oeste-terao-novas-tecnologias-para-registro-civil-de-recem-nascidos-bras201890\"><strong>Hospitais das regi\u00f5es Norte, Nordeste e Centro-Oeste ter\u00e3o novas tecnologias para registro civil de rec\u00e9m nascidos<\/strong><\/a><\/p>\n\n\n\n<p><a href=\"https:\/\/brasil61.com\/noticias\/parana-possui-uma-nova-recomendacao-para-procedimentos-cirurgicos-eletivos-bras201838\"><strong>Paran\u00e1 possui uma nova recomenda\u00e7\u00e3o para procedimentos cir\u00fargicos eletivos<\/strong><\/a><\/p>\n\n\n\n<p><a href=\"https:\/\/brasil61.com\/noticias\/cnm-aponta-que-96-5-dos-municipios-brasileiros-tiveram-medidas-restritivas-para-diminuicao-da-aglomeracao-bras201803\"><strong>CNM aponta que 96,5% dos munic\u00edpios brasileiros tiveram medidas restritivas para diminui\u00e7\u00e3o da aglomera\u00e7\u00e3o<\/strong><\/a><\/p>\n\n\n\n<p>J\u00e1 a ind\u00fastria apresentou o primeiro saldo positivo desde fevereiro deste ano. O total de 53.590 contrata\u00e7\u00f5es se deve, principalmente, pela Ind\u00fastria de Transforma\u00e7\u00e3o, cujo resultado l\u00edquido chegou a 53.068 em julho.<\/p>\n\n\n\n<p>\u201cAcredito que isso tenha a ver com algum n\u00edvel de retomada das atividades que foram suspensas durante o per\u00edodo mais cr\u00edtico da pandemia. Houve tamb\u00e9m, por parte de munic\u00edpios e estados, uma contrata\u00e7\u00e3o importante de pessoas para trabalhar nos hospitais de campanha. Eu vejo que tem a\u00ed, um conjunto de elementos\u201d, avalia o professor do Departamento de Pol\u00edtica, Gest\u00e3o e Sa\u00fade da Faculdade de Sa\u00fade P\u00fablica da Universidade de S\u00e3o Paulo (USP), Gonzalo Vecina Neto.<\/p>\n\n\n\n<p>Mesmo que o setor de servi\u00e7os seja o principal contratante de planos de sa\u00fade empresariais, quando a Ind\u00fastria apresenta resultados positivos, pode haver um contraponto positivo em rela\u00e7\u00e3o ao n\u00famero de benefici\u00e1rios de planos coletivos empresariais.<\/p>\n\n\n\n<h2 class=\"wp-block-heading\">Situa\u00e7\u00e3o por regi\u00e3o<\/h2>\n\n\n\n<p>No m\u00eas de julho, as cinco regi\u00f5es do pa\u00eds registraram saldo positivo nas contrata\u00e7\u00f5es. Os dois melhores resultados foram do Sudeste, com 34.157; e Nordeste, com 22.664. Essas duas regi\u00f5es n\u00e3o apresentavam admiss\u00f5es l\u00edquidas desde fevereiro.<\/p>\n\n\n\n<p>No geral, o resultado positivo se deve ao fato de os estados terem apresentado bons n\u00famero em rela\u00e7\u00e3o \u00e0 empregabilidade. As \u00fanicas exce\u00e7\u00f5es foram Rio de Janeiro, que teve saldo negativo de 6.658; Sergipe, com uma queda de 804; e Amap\u00e1, que teve recuo de 142.<\/p>\n\n\n\n<p>De acordo com o levantamento, S\u00e3o Paulo aparece em primeiro lugar, com aumento de 22.967 vagas, seguido por Minas Gerais, com eleva\u00e7\u00e3o de 15.843 postos de trabalho.<\/p>\n\n\n\n<figure class=\"wp-block-embed-youtube wp-block-embed is-type-rich is-provider-incorporar-manipulador wp-embed-aspect-16-9 wp-has-aspect-ratio\"><div class=\"wp-block-embed__wrapper\">\n<iframe loading=\"lazy\" title=\"Munic\u00edpios mant\u00eam alta em rela\u00e7\u00e3o a contrata\u00e7\u00f5es de profissionais de sa\u00fade, aponta IESS\" width=\"640\" height=\"360\" src=\"https:\/\/www.youtube.com\/embed\/TN3ItHWaWNw?feature=oembed\" frameborder=\"0\" allow=\"accelerometer; autoplay; clipboard-write; encrypted-media; gyroscope; picture-in-picture; web-share\" referrerpolicy=\"strict-origin-when-cross-origin\" allowfullscreen><\/iframe>\n<\/div><\/figure>\n\n\n\n<p>Fonte: <a href=\"https:\/\/brasil61.com\/noticias\/municipios-mantem-alta-em-relacao-a-contratacoes-de-profissionais-de-saude-aponta-iess-bras201900?email=bethdeoliveira@yahoo.com.br&amp;utm_source=newsletter&amp;utm_medium=newsletter&amp;utm_campaign=newsletter\" target=\"_blank\" rel=\"noreferrer noopener\">Brasil 61<\/a><\/p>\n","protected":false},"excerpt":{"rendered":"<p>A cria\u00e7\u00e3o de empregos formais na cadeia produtiva da sa\u00fade segue em destaque em todo<\/p>\n","protected":false},"author":2,"featured_media":742,"comment_status":"open","ping_status":"open","sticky":false,"template":"","format":"standard","meta":{"footnotes":""},"categories":[1],"tags":[],"class_list":["post-740","post","type-post","status-publish","format-standard","has-post-thumbnail","hentry","category-uncategorized"],"_links":{"self":[{"href":"https:\/\/tvc16.com\/portal\/wp-json\/wp\/v2\/posts\/740","targetHints":{"allow":["GET"]}}],"collection":[{"href":"https:\/\/tvc16.com\/portal\/wp-json\/wp\/v2\/posts"}],"about":[{"href":"https:\/\/tvc16.com\/portal\/wp-json\/wp\/v2\/types\/post"}],"author":[{"embeddable":true,"href":"https:\/\/tvc16.com\/portal\/wp-json\/wp\/v2\/users\/2"}],"replies":[{"embeddable":true,"href":"https:\/\/tvc16.com\/portal\/wp-json\/wp\/v2\/comments?post=740"}],"version-history":[{"count":1,"href":"https:\/\/tvc16.com\/portal\/wp-json\/wp\/v2\/posts\/740\/revisions"}],"predecessor-version":[{"id":743,"href":"https:\/\/tvc16.com\/portal\/wp-json\/wp\/v2\/posts\/740\/revisions\/743"}],"wp:featuredmedia":[{"embeddable":true,"href":"https:\/\/tvc16.com\/portal\/wp-json\/wp\/v2\/media\/742"}],"wp:attachment":[{"href":"https:\/\/tvc16.com\/portal\/wp-json\/wp\/v2\/media?parent=740"}],"wp:term":[{"taxonomy":"category","embeddable":true,"href":"https:\/\/tvc16.com\/portal\/wp-json\/wp\/v2\/categories?post=740"},{"taxonomy":"post_tag","embeddable":true,"href":"https:\/\/tvc16.com\/portal\/wp-json\/wp\/v2\/tags?post=740"}],"curies":[{"name":"wp","href":"https:\/\/api.w.org\/{rel}","templated":true}]}}