{"id":7402,"date":"2020-12-04T10:11:05","date_gmt":"2020-12-04T13:11:05","guid":{"rendered":"https:\/\/tvc16.com\/portal\/?p=7402"},"modified":"2020-12-04T10:11:07","modified_gmt":"2020-12-04T13:11:07","slug":"vacinacao-em-moscou","status":"publish","type":"post","link":"https:\/\/tvc16.com\/portal\/2020\/12\/04\/vacinacao-em-moscou\/","title":{"rendered":"VACINA\u00c7\u00c3O EM MOSCOU"},"content":{"rendered":"\n<p>O prefeito de Moscou, na R\u00fassia, Sergeu Sobyanin, disse que a campanha de vacina\u00e7\u00e3o contra a Covid-19 na cidade come\u00e7ar\u00e1\u00a0<strong><a rel=\"noreferrer noopener\" target=\"_blank\" href=\"http:\/\/click.emailabril.com.br\/?qs=9717535381ffaf3065d52d7f73987105479fa75c9324fe364c0f323300cc208890139f8dc33239b368b5073404465764dbb36f242108be58\">neste s\u00e1bado<\/a>\u00a0<\/strong>. O primeiro grupo a ser imunizado ser\u00e1 o de funcion\u00e1rios da sa\u00fade, de servi\u00e7os sociais e professores, que dever\u00e3o se cadastrar para participar da campanha. Al\u00e9m disso, o presidente russo, Vladimir Putin, ordenou o in\u00edcio da aplica\u00e7\u00e3o em grande escala, com a vacina Sputnik V, na semana que vem. Segundo Sobyanin, &#8220;toda a infraestrutura tecnol\u00f3gica e organizacional foi criada. Foram selecionadas instala\u00e7\u00f5es\u00a0para o armazenamento e foram preparados refrigeradores e recipientes para o fornecimento das vacinas&#8221;.<\/p>\n","protected":false},"excerpt":{"rendered":"<p>O prefeito de Moscou, na R\u00fassia, Sergeu Sobyanin, disse que a campanha de vacina\u00e7\u00e3o contra<\/p>\n","protected":false},"author":2,"featured_media":7403,"comment_status":"open","ping_status":"open","sticky":false,"template":"","format":"standard","meta":{"footnotes":""},"categories":[22],"tags":[],"class_list":["post-7402","post","type-post","status-publish","format-standard","has-post-thumbnail","hentry","category-internacional"],"_links":{"self":[{"href":"https:\/\/tvc16.com\/portal\/wp-json\/wp\/v2\/posts\/7402","targetHints":{"allow":["GET"]}}],"collection":[{"href":"https:\/\/tvc16.com\/portal\/wp-json\/wp\/v2\/posts"}],"about":[{"href":"https:\/\/tvc16.com\/portal\/wp-json\/wp\/v2\/types\/post"}],"author":[{"embeddable":true,"href":"https:\/\/tvc16.com\/portal\/wp-json\/wp\/v2\/users\/2"}],"replies":[{"embeddable":true,"href":"https:\/\/tvc16.com\/portal\/wp-json\/wp\/v2\/comments?post=7402"}],"version-history":[{"count":1,"href":"https:\/\/tvc16.com\/portal\/wp-json\/wp\/v2\/posts\/7402\/revisions"}],"predecessor-version":[{"id":7404,"href":"https:\/\/tvc16.com\/portal\/wp-json\/wp\/v2\/posts\/7402\/revisions\/7404"}],"wp:featuredmedia":[{"embeddable":true,"href":"https:\/\/tvc16.com\/portal\/wp-json\/wp\/v2\/media\/7403"}],"wp:attachment":[{"href":"https:\/\/tvc16.com\/portal\/wp-json\/wp\/v2\/media?parent=7402"}],"wp:term":[{"taxonomy":"category","embeddable":true,"href":"https:\/\/tvc16.com\/portal\/wp-json\/wp\/v2\/categories?post=7402"},{"taxonomy":"post_tag","embeddable":true,"href":"https:\/\/tvc16.com\/portal\/wp-json\/wp\/v2\/tags?post=7402"}],"curies":[{"name":"wp","href":"https:\/\/api.w.org\/{rel}","templated":true}]}}