{"id":7405,"date":"2020-12-04T10:13:57","date_gmt":"2020-12-04T13:13:57","guid":{"rendered":"https:\/\/tvc16.com\/portal\/?p=7405"},"modified":"2020-12-04T10:13:59","modified_gmt":"2020-12-04T13:13:59","slug":"municipio-do-rio-tem-48h-para-apresentar-estagio-do-plano-de-contingencia","status":"publish","type":"post","link":"https:\/\/tvc16.com\/portal\/2020\/12\/04\/municipio-do-rio-tem-48h-para-apresentar-estagio-do-plano-de-contingencia\/","title":{"rendered":"Munic\u00edpio do Rio tem 48h para apresentar est\u00e1gio do Plano de Conting\u00eancia"},"content":{"rendered":"\n<p><br>A Prefeitura do Rio de Janeiro tem 48h para disponibilizar em portais de transpar\u00eancia a situa\u00e7\u00e3o atual da execu\u00e7\u00e3o do Plano Municipal de \u00a0Conting\u00eancia ao Novo Coronav\u00edrus. A decis\u00e3o foi prolatada pelo Tribunal de Justi\u00e7a no agravo de instrumento interposto pelo Munic\u00edpio do Rio de Janeiro que alegava dificuldades burocr\u00e1ticas para o cumprimento do dever de transpar\u00eancia a popula\u00e7\u00e3o conforme postulado pela Defensoria P\u00fablica e pelo Minist\u00e9rio P\u00fablico do Estado do Rio de Janeiro em a\u00e7\u00e3o civil p\u00fablica ajuizada em maio.<br>\u00a0<br>Al\u00e9m do est\u00e1gio atual do plano de conting\u00eancia, a prefeitura fica obrigada a disponibilizar tamb\u00e9m em seu portal da transpar\u00eancia os relat\u00f3rios sobre as a\u00e7\u00f5es executadas e planejadas para combater a pandemia, cronograma de vistoria em unidades de sa\u00fade, dados di\u00e1rios e semanais por unidade de hospitalar. O descumprimento da liminar acarretar\u00e1 multa di\u00e1ria de R$ 20 mil.<br>\u00a0<br>O desembargador Alcides da Fonseca Neto, relator da senten\u00e7a, ressaltou na decis\u00e3o que o munic\u00edpio teve 10 meses para organizar os dados em sua plataforma eletr\u00f4nica e as informa\u00e7\u00f5es solicitadas n\u00e3o apresentam nenhuma complexidade em serem apresentados, podendo inclusive a sua divulga\u00e7\u00e3o possibilitar economia aos cofres p\u00fablicos a partir de pol\u00edticas mais direcionadas.<br>\u00a0<br>Desde fevereiro deste ano, antes do in\u00edcio da quarentena, o Plano de Conting\u00eancia Nacional tornava obrigat\u00f3rio o compartilhamento de dados sobre a Covid-19, sua publica\u00e7\u00e3o e atualiza\u00e7\u00e3o.<\/p>\n","protected":false},"excerpt":{"rendered":"<p>A Prefeitura do Rio de Janeiro tem 48h para disponibilizar em portais de transpar\u00eancia a<\/p>\n","protected":false},"author":2,"featured_media":7406,"comment_status":"open","ping_status":"open","sticky":false,"template":"","format":"standard","meta":{"footnotes":""},"categories":[17],"tags":[],"class_list":["post-7405","post","type-post","status-publish","format-standard","has-post-thumbnail","hentry","category-outras-noticias"],"_links":{"self":[{"href":"https:\/\/tvc16.com\/portal\/wp-json\/wp\/v2\/posts\/7405","targetHints":{"allow":["GET"]}}],"collection":[{"href":"https:\/\/tvc16.com\/portal\/wp-json\/wp\/v2\/posts"}],"about":[{"href":"https:\/\/tvc16.com\/portal\/wp-json\/wp\/v2\/types\/post"}],"author":[{"embeddable":true,"href":"https:\/\/tvc16.com\/portal\/wp-json\/wp\/v2\/users\/2"}],"replies":[{"embeddable":true,"href":"https:\/\/tvc16.com\/portal\/wp-json\/wp\/v2\/comments?post=7405"}],"version-history":[{"count":1,"href":"https:\/\/tvc16.com\/portal\/wp-json\/wp\/v2\/posts\/7405\/revisions"}],"predecessor-version":[{"id":7407,"href":"https:\/\/tvc16.com\/portal\/wp-json\/wp\/v2\/posts\/7405\/revisions\/7407"}],"wp:featuredmedia":[{"embeddable":true,"href":"https:\/\/tvc16.com\/portal\/wp-json\/wp\/v2\/media\/7406"}],"wp:attachment":[{"href":"https:\/\/tvc16.com\/portal\/wp-json\/wp\/v2\/media?parent=7405"}],"wp:term":[{"taxonomy":"category","embeddable":true,"href":"https:\/\/tvc16.com\/portal\/wp-json\/wp\/v2\/categories?post=7405"},{"taxonomy":"post_tag","embeddable":true,"href":"https:\/\/tvc16.com\/portal\/wp-json\/wp\/v2\/tags?post=7405"}],"curies":[{"name":"wp","href":"https:\/\/api.w.org\/{rel}","templated":true}]}}