{"id":7415,"date":"2020-12-04T10:18:53","date_gmt":"2020-12-04T13:18:53","guid":{"rendered":"https:\/\/tvc16.com\/portal\/?p=7415"},"modified":"2020-12-04T10:18:55","modified_gmt":"2020-12-04T13:18:55","slug":"cresce-participacao-de-mulheres-do-campo-no-paa","status":"publish","type":"post","link":"https:\/\/tvc16.com\/portal\/2020\/12\/04\/cresce-participacao-de-mulheres-do-campo-no-paa\/","title":{"rendered":"Cresce participa\u00e7\u00e3o de mulheres do campo no PAA"},"content":{"rendered":"\n<p>Um estudo divulgado pela Conab mostra que a participa\u00e7\u00e3o feminina no programa alcan\u00e7ou 80% no ano passado; entidades representativas cobram mais aten\u00e7\u00e3o do Governo Federal<\/p>\n\n\n\n<p>Pregui\u00e7a \u00e9 uma palavra que n\u00e3o existe no dicion\u00e1rio de Maria Rosa de Souza, 52 anos. A baiana, nascida e criada na ro\u00e7a, mora hoje na regi\u00e3o administrativa de Brazl\u00e2ndia (DF) fazendo o que gosta. Desde pequena, Maria trabalha no campo e, em breve, quer entrar para a estat\u00edstica que revela o aumento na participa\u00e7\u00e3o das mulheres que vendem suas produ\u00e7\u00f5es para programas federais, como o Programa de Aquisi\u00e7\u00e3o de Alimentos (PAA). &nbsp;<\/p>\n\n\n\n<p>Uma das fundadoras da rec\u00e9m-formada Associa\u00e7\u00e3o Agroecol\u00f3gica das Mulheres Rurais do Assentamento Cana\u00e3, Maria Rosa reuniu cerca de 30 mulheres que hoje plantam \u201cde tudo\u201d, como ela mesma descreve. \u201cCoentro, alface, verduras, legumes, frutas, tem de tudo aqui. Plantamos milho, feij\u00e3o, ab\u00f3bora, gra\u00e7as a Deus\u201d, comemora.&nbsp;<\/p>\n\n\n\n<p>O campo \u00e9 lugar de paz para a agricultora. \u201cMoro no campo, gosto do que fa\u00e7o, amo demais, minha vida \u00e9 essa. Daqui eu tiro o meu sustento, o meu e da minha fam\u00edlia. Por isso amo trabalhar na ro\u00e7a\u201d, emociona-se.&nbsp;<\/p>\n\n\n\n<p>Ela e as colegas n\u00e3o veem a hora de participar de a\u00e7\u00f5es grandes, como a do PAA, que tem entre os objetivos promover o acesso \u00e0 alimenta\u00e7\u00e3o e incentivar a agricultura familiar. Hoje, o programa \u00e9 executado com recursos dos minist\u00e9rios da Cidadania e da Agricultura, Pecu\u00e1ria e Abastecimento (Mapa). Entre as modalidades do PAA, est\u00e3o compra com doa\u00e7\u00e3o simult\u00e2nea, compra direta da agricultura familiar e apoio \u00e0 forma\u00e7\u00e3o de estoques.&nbsp;<\/p>\n\n\n\n<p>\u201cTenho vontade de participar. Eu s\u00f3 ou\u00e7o falar, mas deve ser muito bom\u201d, acredita Maria Rosa. &nbsp;\u201cA Emater (Empresa de Assist\u00eancia T\u00e9cnica e Extens\u00e3o Rural) j\u00e1 fez at\u00e9 reuni\u00e3o com a gente. E n\u00f3s plantamos muito. Se o governo pegasse a nossa produ\u00e7\u00e3o, seria uma maravilha para n\u00f3s, vou ficar torcendo aqui.\u201d&nbsp;<\/p>\n\n\n\n<p>A participa\u00e7\u00e3o de mulheres no PAA alcan\u00e7ou 80% em 2019. O dado, retirado do \u00faltimo <a href=\"https:\/\/www.gov.br\/agricultura\/pt-br\/assuntos\/noticias\/mulheres-representam-80-dos-fornecedores-de-produtos-para-o-PAA\/copy_of_CompendioV27PAAZ20202.pdf\" target=\"_blank\" rel=\"noreferrer noopener\">comp\u00eandio de estudos<\/a> da Companhia Nacional de Abastecimento (Conab), mostra que houve avan\u00e7o dessa participa\u00e7\u00e3o entre 2009 e 2019. De acordo com a Conab, essa participa\u00e7\u00e3o revela que a capacidade produtiva das organiza\u00e7\u00f5es compostas por mulheres tem se fortalecido e minimizado os problemas de comercializa\u00e7\u00e3o de seus produtos, al\u00e9m de valorizar a m\u00e3o de obra feminina e de garantir sua autonomia econ\u00f4mica. &nbsp;<\/p>\n\n\n\n<p>\u201cO aumento desse n\u00famero \u00e9 muito pela governan\u00e7a adotada pelo programa, que vem debatendo h\u00e1 um tempo a prioriza\u00e7\u00e3o dos p\u00fablicos. Mais recentemente, em fun\u00e7\u00e3o de uma quest\u00e3o conjuntural, adotou-se o ranking de p\u00fablico priorit\u00e1rio. Nesse sentido, os projetos que apresentam um maior n\u00famero de mulheres s\u00e3o classificados como priorit\u00e1rios, o que faz com que os n\u00fameros aumentem\u201d, explica o superintendente de Suporte \u00e0 Agricultura Familiar da Conab, Marisson de Melo Marinho. &nbsp;<\/p>\n\n\n\n<p>Ele lembra uma determina\u00e7\u00e3o do grupo gestor do PAA em que s\u00e3o exigidos, pelo menos, 40% de participa\u00e7\u00e3o feminina para que um projeto seja aprovado. \u201cMesmo com a diminui\u00e7\u00e3o de recursos dispon\u00edveis, ainda assim s\u00e3o priorizadas organiza\u00e7\u00f5es com um maior n\u00famero de mulheres. As organiza\u00e7\u00f5es que t\u00eam 100% de mulheres t\u00eam uma pontua\u00e7\u00e3o maior no ranking do que as que t\u00eam 40%\u201d, completa Marinho.&nbsp;<\/p>\n\n\n\n<figure class=\"wp-block-image\"><img decoding=\"async\" src=\"\/\/s3-sa-east-1.amazonaws.com\/agencia-radio-arb\/3273\/content_WhatsApp_Image_2020-12-02_at_14.10.05.jpeg\" alt=\"\" title=\"Cria\u00e7\u00e3o: \u00c9rica Passos\"\/><\/figure>\n\n\n\n<h2 class=\"wp-block-heading\">Or\u00e7amento reduzido&nbsp;<\/h2>\n\n\n\n<p>No entanto, a Articula\u00e7\u00e3o Nacional de Agroecologia (ANA) contesta esse otimismo. Em abril, cerca de 800 movimentos sociais de todo Brasil pediram \u00e0s esferas do governo a retomada do PAA, que estava paralisado por conta da pandemia. A solicita\u00e7\u00e3o era para que as autoridades concedessem um aporte emergencial de R$ 1 bilh\u00e3o ainda neste ano, chegando a R$ 3 bilh\u00f5es at\u00e9 o fim do ano que vem. O governo federal liberou cerca de R$ 500 milh\u00f5es.&nbsp;<\/p>\n\n\n\n<p>\u201cAcredito que vai diminuir muito a participa\u00e7\u00e3o de mulheres nesse ano porque diminuiu muito a execu\u00e7\u00e3o do PAA. Nos \u00faltimos 12 anos, j\u00e1 tivemos um corte que chega a 90%. Com a pandemia, nem o or\u00e7amento j\u00e1 previsto para esse ano acredito que vai ser executado integralmente. Foram menos compras, ent\u00e3o muito menos mulheres e homens comercializando pelo PAA. Infelizmente, o programa n\u00e3o \u00e9 uma prioridade para o atual governo\u201d, lamenta Beth Cardoso, do GT Mulheres da ANA.&nbsp;<\/p>\n\n\n\n<p><strong><a href=\"https:\/\/brasil61.com\/noticias\/governo-federal-reconhece-situacao-de-emergencia-em-15-municipios-devido-a-falta-de-chuvas-bras202868\" target=\"_blank\" rel=\"noreferrer noopener\">Governo Federal reconhece situa\u00e7\u00e3o de emerg\u00eancia em 15 munic\u00edpios devido \u00e0 falta de chuvas<\/a><\/strong><\/p>\n\n\n\n<p><strong><a href=\"https:\/\/brasil61.com\/noticias\/aumento-de-casos-da-covid-19-no-brasil-e-apontado-pela-fiocruz-bras202857\" target=\"_blank\" rel=\"noreferrer noopener\">Aumento de casos da Covid-19 no Brasil \u00e9 apontado pela Fiocruz<\/a><\/strong><\/p>\n\n\n\n<p><strong><a href=\"https:\/\/brasil61.com\/noticias\/especial-covid-19-afinal-o-brasil-ja-esta-passando-pela-segunda-onda-da-doenca-bras202690\" target=\"_blank\" rel=\"noreferrer noopener\">Especial Covid-19: afinal, o Brasil j\u00e1 est\u00e1 passando pela segunda onda da doen\u00e7a?<\/a><\/strong><\/p>\n\n\n\n<p>Mesmo com o cen\u00e1rio n\u00e3o t\u00e3o animador, Beth defende que, ainda assim, h\u00e1 uma participa\u00e7\u00e3o forte das mulheres na execu\u00e7\u00e3o do programa. Ela lembra que a agricultura familiar \u00e9 respons\u00e1vel por 70% da comida que chega \u00e0s mesas de brasileiros e brasileiras todos os dias \u2013 e s\u00e3o as mulheres as grandes protagonistas dessa porcentagem.&nbsp;<\/p>\n\n\n\n<p>\u201cEntendo o aumento na participa\u00e7\u00e3o de mulheres no PAA pela pr\u00f3pria caracter\u00edstica que ele tem de comprar produtos mais diversificados. A partir de pesquisas, a gente percebe que as mulheres tradicionalmente se preocupam e ocupam da produ\u00e7\u00e3o para autoconsumo e os lugares com demanda do PAA t\u00eam como estrat\u00e9gia aumentar o consumo para comercializar junto ao programa. \u00c9 um tipo de pol\u00edtica que favorece as mulheres, porque esses produtos geralmente est\u00e3o a cargo delas\u201d, constata Beth.&nbsp;<\/p>\n\n\n\n<p>Mesmo quando n\u00e3o est\u00e3o diretamente no campo, as mulheres contribuem para o aumento da produ\u00e7\u00e3o. Isso porque, segundo Beth, s\u00e3o elas que culturalmente acumulam os servi\u00e7os dom\u00e9sticos. \u201cTemos que fazer o reconhecimento que elas s\u00e3o fundamentais no trabalho de reprodu\u00e7\u00e3o da agricultura familiar. Mesmo quando ela est\u00e1 fora da lavoura e assumindo o trabalho dom\u00e9stico, ela est\u00e1 dando uma contribui\u00e7\u00e3o muito grande para que a produ\u00e7\u00e3o seja maior. As mulheres t\u00eam uma participa\u00e7\u00e3o e uma import\u00e2ncia muito maior do que o Censo mostra\u201d, avisa. &nbsp;&nbsp;<\/p>\n\n\n\n<figure class=\"wp-block-image\"><img decoding=\"async\" src=\"\/\/s3-sa-east-1.amazonaws.com\/agencia-radio-arb\/3275\/content_Olho-PAA.png\" alt=\"\" title=\"Cria\u00e7\u00e3o: \u00c9rica Passos\"\/><\/figure>\n\n\n\n<p>De acordo com o \u00faltimo Censo Agropecu\u00e1rio, mais de 15 milh\u00f5es de pessoas ocupam estabelecimentos rurais no Pa\u00eds \u2013 apenas 19% s\u00e3o mulheres, que corresponde a menos de um milh\u00e3o desse total.&nbsp;<\/p>\n\n\n\n<h2 class=\"wp-block-heading\">Inspira\u00e7\u00e3o<\/h2>\n\n\n\n<p>A alagoana de Uni\u00e3o dos Palmares Ana Cliris, de 31 anos, acredita que a participa\u00e7\u00e3o das mulheres no campo ainda n\u00e3o representa a for\u00e7a que elas t\u00eam. \u201cA participa\u00e7\u00e3o feminina no campo ainda \u00e9 muito baixa. Sofremos muitos preconceitos por ter m\u00e3os grossas, pele queimada\u201d, conta. \u201cMesmo assim, eu sou muito feliz em viver no campo. Amo demais a minha rotina, o meu dia a dia. \u00c9 muito gratificante plantar, poder colher alimentos naturais e levar produtos de boa qualidade para a mesa da popula\u00e7\u00e3o, n\u00e3o tem pagamento maior\u201d, destaca.&nbsp;<\/p>\n\n\n\n<p>Com uma rotina pesada, que come\u00e7a \u00e0s 4h da madrugada, Ana Cliris diz n\u00e3o temer o trabalho e espera ser uma inspira\u00e7\u00e3o para outras mulheres ao redor do Brasil. \u201cN\u00f3s, mulheres, estamos desempenhando um \u00f3timo trabalho na agricultura. Al\u00e9m de fazermos esse trabalho com amor, com outros olhos, estamos incentivando outras mulheres a n\u00e3o desistirem das terras, a plantar, a colher e isso \u00e9 gratificante. Estamos de parab\u00e9ns por vermos a agricultura com outros olhos. \u00c9 um trabalho \u00e1rduo, cansativo, dolorido, mas quando faz isso com amor, a recompensa vem logo em seguida.\u201d&nbsp;<\/p>\n\n\n\n<figure class=\"wp-block-image\"><img decoding=\"async\" src=\"\/\/s3-sa-east-1.amazonaws.com\/agencia-radio-arb\/3276\/content_Arte-PAAS-mulheres.png\" alt=\"\" title=\"Cria\u00e7\u00e3o: Erica Passos \"\/><\/figure>\n\n\n\n<p>E Maria Rosa, a baiana apaixonada pela ro\u00e7a, endossa a import\u00e2ncia da mulherada no campo. \u201cAqui n\u00e3o tem homem para comparar com a gente, s\u00f3 tem mulher \u2018trabalhadeira\u2019, que faz de tudo na ro\u00e7a, capina, planta, tudo a gente faz. N\u00e3o tem pregui\u00e7a, n\u00e3o. Como eu gosto de trabalhar na ro\u00e7a, n\u00e3o tem servi\u00e7o pesado. Homem para mim n\u00e3o faz falta, n\u00e3o\u201d, brinca.&nbsp;<\/p>\n\n\n\n<p>Fonte: <a href=\"https:\/\/brasil61.com\/noticias\/cresce-participacao-de-mulheres-do-campo-no-paa-bras202874?email=bethdeoliveira@yahoo.com.br&amp;utm_source=newsletter&amp;utm_medium=newsletter&amp;utm_campaign=newsletter\" target=\"_blank\" rel=\"noreferrer noopener\">Brasil 61<\/a><\/p>\n","protected":false},"excerpt":{"rendered":"<p>Um estudo divulgado pela Conab mostra que a participa\u00e7\u00e3o feminina no programa alcan\u00e7ou 80% no<\/p>\n","protected":false},"author":2,"featured_media":7416,"comment_status":"open","ping_status":"open","sticky":false,"template":"","format":"standard","meta":{"footnotes":""},"categories":[14],"tags":[],"class_list":["post-7415","post","type-post","status-publish","format-standard","has-post-thumbnail","hentry","category-pais"],"_links":{"self":[{"href":"https:\/\/tvc16.com\/portal\/wp-json\/wp\/v2\/posts\/7415","targetHints":{"allow":["GET"]}}],"collection":[{"href":"https:\/\/tvc16.com\/portal\/wp-json\/wp\/v2\/posts"}],"about":[{"href":"https:\/\/tvc16.com\/portal\/wp-json\/wp\/v2\/types\/post"}],"author":[{"embeddable":true,"href":"https:\/\/tvc16.com\/portal\/wp-json\/wp\/v2\/users\/2"}],"replies":[{"embeddable":true,"href":"https:\/\/tvc16.com\/portal\/wp-json\/wp\/v2\/comments?post=7415"}],"version-history":[{"count":1,"href":"https:\/\/tvc16.com\/portal\/wp-json\/wp\/v2\/posts\/7415\/revisions"}],"predecessor-version":[{"id":7417,"href":"https:\/\/tvc16.com\/portal\/wp-json\/wp\/v2\/posts\/7415\/revisions\/7417"}],"wp:featuredmedia":[{"embeddable":true,"href":"https:\/\/tvc16.com\/portal\/wp-json\/wp\/v2\/media\/7416"}],"wp:attachment":[{"href":"https:\/\/tvc16.com\/portal\/wp-json\/wp\/v2\/media?parent=7415"}],"wp:term":[{"taxonomy":"category","embeddable":true,"href":"https:\/\/tvc16.com\/portal\/wp-json\/wp\/v2\/categories?post=7415"},{"taxonomy":"post_tag","embeddable":true,"href":"https:\/\/tvc16.com\/portal\/wp-json\/wp\/v2\/tags?post=7415"}],"curies":[{"name":"wp","href":"https:\/\/api.w.org\/{rel}","templated":true}]}}