{"id":7424,"date":"2020-12-04T10:27:16","date_gmt":"2020-12-04T13:27:16","guid":{"rendered":"https:\/\/tvc16.com\/portal\/?p=7424"},"modified":"2020-12-04T10:34:11","modified_gmt":"2020-12-04T13:34:11","slug":"coligacao-unidos-por-petropolis-trabalho-experiencia-e-esperanca-cobra-apresentacao-de-dados-sobre-a-situacao-da-gestao-municipal","status":"publish","type":"post","link":"https:\/\/tvc16.com\/portal\/2020\/12\/04\/coligacao-unidos-por-petropolis-trabalho-experiencia-e-esperanca-cobra-apresentacao-de-dados-sobre-a-situacao-da-gestao-municipal\/","title":{"rendered":"Coliga\u00e7\u00e3o \u201cUnidos por Petr\u00f3polis \u2013 Trabalho, Experi\u00eancia e Esperan\u00e7a\u201d \u2013 cobra apresenta\u00e7\u00e3o de dados sobre a situa\u00e7\u00e3o da gest\u00e3o municipal"},"content":{"rendered":"\n<p><em>Prefeitura descumpre dispositivo previsto na Lei Org\u00e2nica; of\u00edcio foi encaminhado ao Minist\u00e9rio P\u00fablico<\/em><\/p>\n\n\n\n<p><br>A coliga\u00e7\u00e3o \u201cUnidos por Petr\u00f3polis \u2013 Trabalho, Experi\u00eancia e Esperan\u00e7a\u201d \u2013 que obteve 64.907 votos nas elei\u00e7\u00f5es municipais com a candidatura de Rubens Bomtempo para prefeito e Paulo Mustrangi para vice-prefeito \u2013 encaminhou of\u00edcio, na \u00faltima quinta-feira (3), solicitando a apresenta\u00e7\u00e3o de relat\u00f3rio sobre as contas p\u00fablicas, por parte da atual gest\u00e3o da Prefeitura. A medida \u00e9 estabelecida pelo artigo 79 da Lei Org\u00e2nica Municipal: os dados deveriam ser divulgados 30 dias antes do pleito eleitoral. No entanto, mesmo ap\u00f3s o fim das elei\u00e7\u00f5es, isso ainda n\u00e3o aconteceu. O of\u00edcio foi encaminhado \u00e0 Prefeitura nesta quinta (3) e tamb\u00e9m ser\u00e1 enviado nesta sexta-feira (4) \u00e0 C\u00e2mara Municipal e ao Minist\u00e9rio P\u00fablico das esferas estadual e federal.<\/p>\n\n\n\n<p>O of\u00edcio protocolado pela coliga\u00e7\u00e3o exige urg\u00eancia na apresenta\u00e7\u00e3o das informa\u00e7\u00f5es referentes \u00e0 administra\u00e7\u00e3o or\u00e7ament\u00e1ria e financeira, al\u00e9m da situa\u00e7\u00e3o administrativa e com rela\u00e7\u00e3o ao funcionalismo p\u00fablico. De acordo com a Lei Org\u00e2nica Municipal o sucessor eleito para assumir o poder p\u00fablico deve ser informado sobre as d\u00edvidas e encargos decorrentes de opera\u00e7\u00f5es de cr\u00e9dito, informando de forma transparente sobre a capacidade da administra\u00e7\u00e3o municipal realizar opera\u00e7\u00f5es de cr\u00e9dito de qualquer natureza.<\/p>\n\n\n\n<p>A coliga\u00e7\u00e3o refor\u00e7ou, no documento, que a publica\u00e7\u00e3o de tais informa\u00e7\u00f5es \u201cn\u00e3o \u00e9 uma escolha e, sim, obriga\u00e7\u00e3o do Prefeito ainda em exerc\u00edcio no cargo, que deve garantir a transpar\u00eancia na gest\u00e3o p\u00fablica\u201d. O of\u00edcio destaca que a urg\u00eancia na divulga\u00e7\u00e3o dos documentos se mostra ainda mais importante neste momento em que Petr\u00f3polis, assim como todo o Brasil, tenta superar a pandemia do novo Coronav\u00edrus.<\/p>\n\n\n\n<p>De acordo com a Lei Org\u00e2nica, o relat\u00f3rio, que deveria ter sido aprestado pela atual gest\u00e3o, precisa conter informa\u00e7\u00f5es de todo o quadro administrativo da Prefeitura. Devem ainda ser esclarecidas pend\u00eancias com o Tribunal de Contas do Estado (TCE), al\u00e9m de d\u00edvidas, conv\u00eanios, situa\u00e7\u00e3o contratual com prestadores de servi\u00e7o, verbas a serem recebidas pela Uni\u00e3o e &nbsp;tudo o que refere \u00e0 gest\u00e3o p\u00fablica.<\/p>\n","protected":false},"excerpt":{"rendered":"<p>Prefeitura descumpre dispositivo previsto na Lei Org\u00e2nica; of\u00edcio foi encaminhado ao Minist\u00e9rio P\u00fablico A coliga\u00e7\u00e3o<\/p>\n","protected":false},"author":2,"featured_media":7427,"comment_status":"open","ping_status":"open","sticky":false,"template":"","format":"standard","meta":{"footnotes":""},"categories":[12],"tags":[],"class_list":["post-7424","post","type-post","status-publish","format-standard","has-post-thumbnail","hentry","category-cidade"],"_links":{"self":[{"href":"https:\/\/tvc16.com\/portal\/wp-json\/wp\/v2\/posts\/7424","targetHints":{"allow":["GET"]}}],"collection":[{"href":"https:\/\/tvc16.com\/portal\/wp-json\/wp\/v2\/posts"}],"about":[{"href":"https:\/\/tvc16.com\/portal\/wp-json\/wp\/v2\/types\/post"}],"author":[{"embeddable":true,"href":"https:\/\/tvc16.com\/portal\/wp-json\/wp\/v2\/users\/2"}],"replies":[{"embeddable":true,"href":"https:\/\/tvc16.com\/portal\/wp-json\/wp\/v2\/comments?post=7424"}],"version-history":[{"count":1,"href":"https:\/\/tvc16.com\/portal\/wp-json\/wp\/v2\/posts\/7424\/revisions"}],"predecessor-version":[{"id":7426,"href":"https:\/\/tvc16.com\/portal\/wp-json\/wp\/v2\/posts\/7424\/revisions\/7426"}],"wp:featuredmedia":[{"embeddable":true,"href":"https:\/\/tvc16.com\/portal\/wp-json\/wp\/v2\/media\/7427"}],"wp:attachment":[{"href":"https:\/\/tvc16.com\/portal\/wp-json\/wp\/v2\/media?parent=7424"}],"wp:term":[{"taxonomy":"category","embeddable":true,"href":"https:\/\/tvc16.com\/portal\/wp-json\/wp\/v2\/categories?post=7424"},{"taxonomy":"post_tag","embeddable":true,"href":"https:\/\/tvc16.com\/portal\/wp-json\/wp\/v2\/tags?post=7424"}],"curies":[{"name":"wp","href":"https:\/\/api.w.org\/{rel}","templated":true}]}}