{"id":7438,"date":"2020-12-04T11:28:40","date_gmt":"2020-12-04T14:28:40","guid":{"rendered":"https:\/\/tvc16.com\/portal\/?p=7438"},"modified":"2020-12-04T11:28:42","modified_gmt":"2020-12-04T14:28:42","slug":"tenis-em-cadeira-de-rodas-e-atracao-em-brasilia-a-partir-de-sabado","status":"publish","type":"post","link":"https:\/\/tvc16.com\/portal\/2020\/12\/04\/tenis-em-cadeira-de-rodas-e-atracao-em-brasilia-a-partir-de-sabado\/","title":{"rendered":"T\u00eanis em cadeira de rodas \u00e9 atra\u00e7\u00e3o em Bras\u00edlia a partir de s\u00e1bado"},"content":{"rendered":"\n<h3 class=\"wp-block-heading\">Segunda etapa do Circuito BRB ter\u00e1 31 dos melhores atletas do pa\u00eds<\/h3>\n\n\n\n<p>Entre os dias cinco e sete, 31 dos melhores atletas de t\u00eanis em cadeira de rodas do pa\u00eds estar\u00e3o na capital federal para a disputa da etapa 2 do Circuito Bras\u00edlia da modalidade. Os jogos v\u00e3o ocorrer na Associa\u00e7\u00e3o M\u00e9dica de Bras\u00edlia, no Distrito Federal.<img decoding=\"async\" src=\"https:\/\/agenciabrasil.ebc.com.br\/ebc.png?id=1395476&amp;o=node\"><img decoding=\"async\" src=\"https:\/\/agenciabrasil.ebc.com.br\/ebc.gif?id=1395476&amp;o=node\"><\/p>\n\n\n\n<p>Estar\u00e3o na briga pelos t\u00edtulos, na chave principal de cada categoria, os oito mais bem colocados no ranking nacional. S\u00e3o esperadas as participa\u00e7\u00f5es dos campe\u00f5es da etapa anterior, como Daniel Rodrigues (Open masculino &#8211; deficientes de membros inferiores), Meirycoll Duval (Open feminino) e Ymanitu Silva (Quad &#8211; deficientes em tr\u00eas ou mais membros). No torneio de duplas da primeira etapa, Daniel Rodrigues e Adalberto Rodrigues ficaram com o t\u00edtulo no masculino, e Meirycoll Duval e Ana Caldeira foram as melhores no feminino.<\/p>\n\n\n\n<figure class=\"wp-block-image\"><img decoding=\"async\" src=\"https:\/\/imagens.ebc.com.br\/ZeZP_DqOzmmcea4zoXIJQCqKNUc=\/754x0\/smart\/https:\/\/agenciabrasil.ebc.com.br\/sites\/default\/files\/thumbnails\/image\/tenis_cadeira_de_rodas2.jpg?itok=mauP3i2y\" alt=\"Estar\u00e3o na briga pelos t\u00edtulos os oito mais bem colocados no ranking nacional.\" title=\"Alexandre Schneider\/Exemplus\/CPB\/Direitos Reservados\"\/><\/figure>\n\n\n\n<p>Estar\u00e3o na briga pelos t\u00edtulos os oito mais bem colocados no ranking nacional. &#8211;&nbsp;<strong>Alexandre Schneider\/Exemplus\/CPB\/Direitos Reservados<\/strong><\/p>\n\n\n\n<p>Rafael Medeiros, terceiro colocado no ranking nacional da classe Open, voltou recentemente da Europa e vai estrear no circuito. &#8220;Voltei na semana passada da Turquia. Fiz bons jogos de simples. Em duplas, consegui ser vice-campe\u00e3o ao lado de um parceiro chileno. Sai de l\u00e1 com uma sensa\u00e7\u00e3o boa. Foi o encerramento da temporada internacional nesse ano dif\u00edcil de pandemia e tudo. Agora vou partir com tudo para esses torneios l\u00e1 em Bras\u00edlia. Acho que vai ser legal. Jogar com amigos em alto n\u00edvel&#8221;, diz o tenista que esteve nas Paralimp\u00edadas de Londres e do Rio&nbsp;de Janeiro.<\/p>\n\n\n\n<p>Na pr\u00f3xima semana, entre os dias 8 e 10, vai ocorrer a etapa 3. J\u00e1 a Supercopa ser\u00e1 disputada logo em seguida, de 11 a\u00a013 de dezembro. As premia\u00e7\u00f5es (R$ 30 mil por etapa e R$ 60 mil para a Supercopa) ser\u00e3o divididas igualmente entre as tr\u00eas categorias.<\/p>\n\n\n\n<p>Por Juliano Justo &#8211; Rep\u00f3rter da TV Brasil e da R\u00e1dio Nacional &#8211; S\u00e3o Paulo &#8211; Ag\u00eancia Brasil &#8211; S\u00e3o Paulo<\/p>\n\n\n\n<p>Edi\u00e7\u00e3o: Carol Jardim<\/p>\n","protected":false},"excerpt":{"rendered":"<p>Segunda etapa do Circuito BRB ter\u00e1 31 dos melhores atletas do pa\u00eds Entre os dias<\/p>\n","protected":false},"author":2,"featured_media":7439,"comment_status":"open","ping_status":"open","sticky":false,"template":"","format":"standard","meta":{"footnotes":""},"categories":[20],"tags":[],"class_list":["post-7438","post","type-post","status-publish","format-standard","has-post-thumbnail","hentry","category-esporte"],"_links":{"self":[{"href":"https:\/\/tvc16.com\/portal\/wp-json\/wp\/v2\/posts\/7438","targetHints":{"allow":["GET"]}}],"collection":[{"href":"https:\/\/tvc16.com\/portal\/wp-json\/wp\/v2\/posts"}],"about":[{"href":"https:\/\/tvc16.com\/portal\/wp-json\/wp\/v2\/types\/post"}],"author":[{"embeddable":true,"href":"https:\/\/tvc16.com\/portal\/wp-json\/wp\/v2\/users\/2"}],"replies":[{"embeddable":true,"href":"https:\/\/tvc16.com\/portal\/wp-json\/wp\/v2\/comments?post=7438"}],"version-history":[{"count":1,"href":"https:\/\/tvc16.com\/portal\/wp-json\/wp\/v2\/posts\/7438\/revisions"}],"predecessor-version":[{"id":7440,"href":"https:\/\/tvc16.com\/portal\/wp-json\/wp\/v2\/posts\/7438\/revisions\/7440"}],"wp:featuredmedia":[{"embeddable":true,"href":"https:\/\/tvc16.com\/portal\/wp-json\/wp\/v2\/media\/7439"}],"wp:attachment":[{"href":"https:\/\/tvc16.com\/portal\/wp-json\/wp\/v2\/media?parent=7438"}],"wp:term":[{"taxonomy":"category","embeddable":true,"href":"https:\/\/tvc16.com\/portal\/wp-json\/wp\/v2\/categories?post=7438"},{"taxonomy":"post_tag","embeddable":true,"href":"https:\/\/tvc16.com\/portal\/wp-json\/wp\/v2\/tags?post=7438"}],"curies":[{"name":"wp","href":"https:\/\/api.w.org\/{rel}","templated":true}]}}