{"id":744,"date":"2020-09-19T16:10:31","date_gmt":"2020-09-19T16:10:31","guid":{"rendered":"https:\/\/tvc16.com\/portal\/?p=744"},"modified":"2020-09-19T16:10:31","modified_gmt":"2020-09-19T16:10:31","slug":"estado-do-rj-dara-apoio-ao-tre-nas-eleicoes-municipais","status":"publish","type":"post","link":"https:\/\/tvc16.com\/portal\/2020\/09\/19\/estado-do-rj-dara-apoio-ao-tre-nas-eleicoes-municipais\/","title":{"rendered":"Estado do RJ dar\u00e1 apoio ao TRE nas elei\u00e7\u00f5es municipais"},"content":{"rendered":"\n<p><br><em>Equipes de Sa\u00fade e Pol\u00edcia Militar dar\u00e3o suporte t\u00e9cnico e cient\u00edfico para a realiza\u00e7\u00e3o do pleito, com destaque para a preven\u00e7\u00e3o da Covid-19. Escolas estaduais ser\u00e3o utilizadas para vota\u00e7\u00e3o<\/em><br>O Governo do Estado garantiu apoio de profissionais das \u00e1reas de Seguran\u00e7a e Sa\u00fade para a realiza\u00e7\u00e3o das pr\u00f3ximas elei\u00e7\u00f5es. A decis\u00e3o foi tomada ap\u00f3s solicita\u00e7\u00e3o feita pelo presidente do Tribunal Regional Eleitoral (TRE-RJ), desembargador Cl\u00e1udio Brand\u00e3o, em reuni\u00e3o por videoconfer\u00eancia realizada, na tarde desta sexta-feira (18\/09), com o governador em exerc\u00edcio, Cl\u00e1udio Castro. O apoio do Governo do Estado do Rio de Janeiro tem como objetivo garantir que as elei\u00e7\u00f5es municipais deste ano transcorram com seguran\u00e7a e organiza\u00e7\u00e3o.<br>&#8211; A Secretaria de Sa\u00fade estar\u00e1 \u00e0 disposi\u00e7\u00e3o da Justi\u00e7a Eleitoral para que tenhamos o processo mais seguro poss\u00edvel, com um suporte cient\u00edfico de qualidade &#8211; garantiu Cl\u00e1udio Castro.<br>Brand\u00e3o solicitou ainda apoio da Pol\u00edcia Militar, para garantir a seguran\u00e7a de todo processo, e da Secretaria de Educa\u00e7\u00e3o, para que escolas estaduais sejam usadas como pontos de vota\u00e7\u00e3o. A equipe especializada em Covid far\u00e1 reuni\u00f5es com a equipe t\u00e9cnica da Justi\u00e7a Eleitoral para dar suporte t\u00e9cnico-cient\u00edfico para a organiza\u00e7\u00e3o das elei\u00e7\u00f5es, com o fornecimento de dados e a indica\u00e7\u00e3o de medidas de preven\u00e7\u00e3o que podem ser adotadas durante o processo.<br>Durante o encontro, o governador em exerc\u00edcio determinou que o secret\u00e1rio da Casa Civil, Nicola Moreira Miccione, que participou da reuni\u00e3o, ser\u00e1 o \u201cponto focal\u201d para receber as demandas do TRE.\u00a0&#8211; Presidente, conte com um governo altamente colaborativo. A atividade pol\u00edtica depende do TRE para que possamos realizar elei\u00e7\u00f5es limpas e que realmente traduzam a vontade da popula\u00e7\u00e3o &#8211; destacou Castro, dirigindo-se a Brand\u00e3o.<br>A partir de agora, as equipes t\u00e9cnicas entrar\u00e3o em contato para agendar reuni\u00f5es de trabalho.<br>&#8211; Somos 1.300 servidores e, no dia da elei\u00e7\u00e3o, ser\u00e3o 12 milh\u00f5es de usu\u00e1rios. Queremos que as pessoas votem com seguran\u00e7a e o Governo do Estado pode colaborar conosco \u2013 agradeceu o presidente do TRE, desembargador Cl\u00e1udio Brand\u00e3o.<\/p>\n","protected":false},"excerpt":{"rendered":"<p>Equipes de Sa\u00fade e Pol\u00edcia Militar dar\u00e3o suporte t\u00e9cnico e cient\u00edfico para a realiza\u00e7\u00e3o do<\/p>\n","protected":false},"author":2,"featured_media":745,"comment_status":"open","ping_status":"open","sticky":false,"template":"","format":"standard","meta":{"footnotes":""},"categories":[15],"tags":[],"class_list":["post-744","post","type-post","status-publish","format-standard","has-post-thumbnail","hentry","category-politica"],"_links":{"self":[{"href":"https:\/\/tvc16.com\/portal\/wp-json\/wp\/v2\/posts\/744","targetHints":{"allow":["GET"]}}],"collection":[{"href":"https:\/\/tvc16.com\/portal\/wp-json\/wp\/v2\/posts"}],"about":[{"href":"https:\/\/tvc16.com\/portal\/wp-json\/wp\/v2\/types\/post"}],"author":[{"embeddable":true,"href":"https:\/\/tvc16.com\/portal\/wp-json\/wp\/v2\/users\/2"}],"replies":[{"embeddable":true,"href":"https:\/\/tvc16.com\/portal\/wp-json\/wp\/v2\/comments?post=744"}],"version-history":[{"count":1,"href":"https:\/\/tvc16.com\/portal\/wp-json\/wp\/v2\/posts\/744\/revisions"}],"predecessor-version":[{"id":746,"href":"https:\/\/tvc16.com\/portal\/wp-json\/wp\/v2\/posts\/744\/revisions\/746"}],"wp:featuredmedia":[{"embeddable":true,"href":"https:\/\/tvc16.com\/portal\/wp-json\/wp\/v2\/media\/745"}],"wp:attachment":[{"href":"https:\/\/tvc16.com\/portal\/wp-json\/wp\/v2\/media?parent=744"}],"wp:term":[{"taxonomy":"category","embeddable":true,"href":"https:\/\/tvc16.com\/portal\/wp-json\/wp\/v2\/categories?post=744"},{"taxonomy":"post_tag","embeddable":true,"href":"https:\/\/tvc16.com\/portal\/wp-json\/wp\/v2\/tags?post=744"}],"curies":[{"name":"wp","href":"https:\/\/api.w.org\/{rel}","templated":true}]}}