{"id":7441,"date":"2020-12-04T11:31:53","date_gmt":"2020-12-04T14:31:53","guid":{"rendered":"https:\/\/tvc16.com\/portal\/?p=7441"},"modified":"2020-12-04T11:31:55","modified_gmt":"2020-12-04T14:31:55","slug":"brasil-ride-lanca-novo-evento-de-mountain-bike-neste-sabado","status":"publish","type":"post","link":"https:\/\/tvc16.com\/portal\/2020\/12\/04\/brasil-ride-lanca-novo-evento-de-mountain-bike-neste-sabado\/","title":{"rendered":"Brasil Ride lan\u00e7a novo evento de Mountain Bike neste s\u00e1bado"},"content":{"rendered":"\n<h3 class=\"wp-block-heading\">Provas ser\u00e3o realizadas entre 2 e 6 de mar\u00e7o de 2021 em Minas Gerais<\/h3>\n\n\n\n<p>Neste s\u00e1bado (5), ser\u00e1 lan\u00e7ada a edi\u00e7\u00e3o 2021 da prova Brasil Ride Espinha\u00e7o de mountain bike. O evento \u00e9 parte do calend\u00e1rio da Uni\u00e3o Cicl\u00edstica Internacional (UCI) e ter\u00e1 provas entre os dias 2 e&nbsp;6 de mar\u00e7o em Minas Gerais. O Brasil Ride ser\u00e1 disputado no formato Stage Race (corrida por etapas) e ofertar\u00e1 150 pontos no ranking mundial aos campe\u00f5es das elites.&nbsp;<img decoding=\"async\" src=\"https:\/\/agenciabrasil.ebc.com.br\/ebc.png?id=1395478&amp;o=node\"><img decoding=\"async\" src=\"https:\/\/agenciabrasil.ebc.com.br\/ebc.gif?id=1395478&amp;o=node\"><\/p>\n\n\n\n<p>Ser\u00e3o duas cidades-sedes. Concei\u00e7\u00e3o do Mato Dentro, na regi\u00e3o metropolitana de Belo Horizonte, e Congonhas do Norte. &#8220;Ap\u00f3s tr\u00eas anos procurando por todo o Brasil, Concei\u00e7\u00e3o do Mato Dentro foi eleita para receber a vers\u00e3o 2.0 da Brasil Ride. Para a realiza\u00e7\u00e3o da etapa do XCO j\u00e1 est\u00e1 sendo constru\u00edda uma pista na cidade, que ser\u00e1 nosso primeiro legado para esta regi\u00e3o&#8221;, comenta Mario Roma, fundador da Brasil Ride.<\/p>\n\n\n\n<figure class=\"wp-block-image\"><img decoding=\"async\" src=\"https:\/\/imagens.ebc.com.br\/y8NMDDlLYM9gborgyYnF_J54pKw=\/754x0\/smart\/https:\/\/agenciabrasil.ebc.com.br\/sites\/default\/files\/thumbnails\/image\/brasil_ride_ciclismo.jpg?itok=5IYiuHHm\" alt=\"Concei\u00e7\u00e3o do Mato Dentro e Congonhas do Norte ser\u00e3o as duas cidades-sede, em Minas Gerais.\" title=\"Fabio Piva\/Divulga\u00e7\u00e3o\/Brasil Ride\"\/><\/figure>\n\n\n\n<p>Concei\u00e7\u00e3o do Mato Dentro e Congonhas do Norte ser\u00e3o as duas cidades-sede, em Minas Gerais. &#8211;&nbsp;<strong>Fabio Piva\/Divulga\u00e7\u00e3o\/Brasil Ride<\/strong><\/p>\n\n\n\n<p>Os amantes do mountain bike&nbsp;ter\u00e3o 12 categorias para participar: Open, Feminina, Mista, Master, Grandmaster, Corporativa, American Jersey Masculina, American Jersey Feminina, Nelore, Iron Rider, Guarini e E-MTB.&nbsp;&#8220;Depois&nbsp;de dez&nbsp;anos, a Brasil Ride precisava de um novo desafio. Uma nova fase, uma nova era das ultramaratonas de mountain bike no pa\u00eds. O Espinha\u00e7o \u00e9 uma reserva da Biosfera pela Unesco (Organiza\u00e7\u00e3o das Na\u00e7\u00f5es Unidas para a Educa\u00e7\u00e3o, a Ci\u00eancia e a Cultura), e conta com uma quantidade enorme de trilhas em toda regi\u00e3o, que nos fez&nbsp;ter&nbsp;a certeza que poder\u00edamos proporcionar a todos atletas uma Brasil Ride \u00fanica&#8221;, completa Mario Roma.<\/p>\n\n\n\n<p>No evento de lan\u00e7amento deste\u00a0s\u00e1bado, \u00e0s 19h30, que\u00a0ter\u00e1\u00a0<a href=\"https:\/\/www.facebook.com\/BRASILRIDE\/\">transmiss\u00e3o pelo Facebook<\/a>\u00a0e pelo\u00a0<a href=\"https:\/\/www.youtube.com\/channel\/UChs8s1lM7eI4NsacdyxTx9Q\">Youtube<\/a>.\u00a0O idealizador do evento, Mario Roma, vai estar presente, assim como Henrique Avancini, n\u00famero 1 do ranking mundial, Tiago Ferreira, campe\u00e3o mundial e europeu, e\u00a0Jos\u00e9 Luiz Vasconcellos, presidente da CBC.<\/p>\n\n\n\n<p>Por Juliano Justo &#8211; Rep\u00f3rter da TV Brasil e da R\u00e1dio Nacional &#8211; S\u00e3o Paulo &#8211; Ag\u00eancia Brasil &#8211; S\u00e3o Paulo<\/p>\n\n\n\n<p>Edi\u00e7\u00e3o: Carol Jardim<\/p>\n","protected":false},"excerpt":{"rendered":"<p>Provas ser\u00e3o realizadas entre 2 e 6 de mar\u00e7o de 2021 em Minas Gerais Neste<\/p>\n","protected":false},"author":2,"featured_media":7442,"comment_status":"open","ping_status":"open","sticky":false,"template":"","format":"standard","meta":{"footnotes":""},"categories":[20],"tags":[],"class_list":["post-7441","post","type-post","status-publish","format-standard","has-post-thumbnail","hentry","category-esporte"],"_links":{"self":[{"href":"https:\/\/tvc16.com\/portal\/wp-json\/wp\/v2\/posts\/7441","targetHints":{"allow":["GET"]}}],"collection":[{"href":"https:\/\/tvc16.com\/portal\/wp-json\/wp\/v2\/posts"}],"about":[{"href":"https:\/\/tvc16.com\/portal\/wp-json\/wp\/v2\/types\/post"}],"author":[{"embeddable":true,"href":"https:\/\/tvc16.com\/portal\/wp-json\/wp\/v2\/users\/2"}],"replies":[{"embeddable":true,"href":"https:\/\/tvc16.com\/portal\/wp-json\/wp\/v2\/comments?post=7441"}],"version-history":[{"count":1,"href":"https:\/\/tvc16.com\/portal\/wp-json\/wp\/v2\/posts\/7441\/revisions"}],"predecessor-version":[{"id":7443,"href":"https:\/\/tvc16.com\/portal\/wp-json\/wp\/v2\/posts\/7441\/revisions\/7443"}],"wp:featuredmedia":[{"embeddable":true,"href":"https:\/\/tvc16.com\/portal\/wp-json\/wp\/v2\/media\/7442"}],"wp:attachment":[{"href":"https:\/\/tvc16.com\/portal\/wp-json\/wp\/v2\/media?parent=7441"}],"wp:term":[{"taxonomy":"category","embeddable":true,"href":"https:\/\/tvc16.com\/portal\/wp-json\/wp\/v2\/categories?post=7441"},{"taxonomy":"post_tag","embeddable":true,"href":"https:\/\/tvc16.com\/portal\/wp-json\/wp\/v2\/tags?post=7441"}],"curies":[{"name":"wp","href":"https:\/\/api.w.org\/{rel}","templated":true}]}}