{"id":7450,"date":"2020-12-04T11:41:13","date_gmt":"2020-12-04T14:41:13","guid":{"rendered":"https:\/\/tvc16.com\/portal\/?p=7450"},"modified":"2020-12-04T11:41:15","modified_gmt":"2020-12-04T14:41:15","slug":"eleicoes-municipais-no-macapa-serao-neste-domingo","status":"publish","type":"post","link":"https:\/\/tvc16.com\/portal\/2020\/12\/04\/eleicoes-municipais-no-macapa-serao-neste-domingo\/","title":{"rendered":"Elei\u00e7\u00f5es municipais no Macap\u00e1 ser\u00e3o neste domingo"},"content":{"rendered":"\n<h3 class=\"wp-block-heading\">De acordo com a Justi\u00e7a Eleitoral, 292.718 pessoas est\u00e3o aptas a votar<\/h3>\n\n\n\n<p>Adiadas devido aos problemas de fornecimento de energia, as elei\u00e7\u00f5es municipais que definir\u00e3o prefeito, vice-prefeito e os 23 vereadores que v\u00e3o compor a C\u00e2mara Municipal de Macap\u00e1, capital do Amap\u00e1, ocorrer\u00e1 neste domingo, dia 6 de dezembro.<img decoding=\"async\" src=\"https:\/\/agenciabrasil.ebc.com.br\/ebc.png?id=1395474&amp;o=node\"><img decoding=\"async\" src=\"https:\/\/agenciabrasil.ebc.com.br\/ebc.gif?id=1395474&amp;o=node\"><\/p>\n\n\n\n<p>De acordo com a Justi\u00e7a Eleitoral, 292.718 pessoas est\u00e3o aptas a votar neste primeiro turno. Se houver necessidade de segundo turno, ele ocorrer\u00e1 no dia 20 de dezembro.<\/p>\n\n\n\n<p>O processo eleitoral em Macap\u00e1 foi adiado devido ao apag\u00e3o energ\u00e9tico que, a partir do dia 3 de novembro, afetou o estado, ap\u00f3s um inc\u00eandio que ter destru\u00eddo tr\u00eas transformadores e uma subesta\u00e7\u00e3o de energia na capital do estado.<\/p>\n\n\n\n<p>O TRE-AP informou que algumas se\u00e7\u00f5es eleitorais foram remanejadas em raz\u00e3o da necessidade de uniformizar a quantidade de eleitores nas se\u00e7\u00f5es eleitorais. Para saber onde ser\u00e1 sua se\u00e7\u00e3o eleitoral, o eleitor precisa acessar o&nbsp;<em>site<\/em>&nbsp;do&nbsp;<a href=\"https:\/\/www.tre-ap.jus.br\/\" target=\"_blank\" rel=\"noreferrer noopener\">TRE<\/a>&nbsp;ou baixar o aplicativo e-T\u00edtulo.<\/p>\n\n\n\n<p>Diante da situa\u00e7\u00e3o, o Tribunal Superior Eleitoral (TSE) acatou pedido do tribunal regional (TRE-AP) e, no dia 12 de novembro, anunciou que o pleito na capital do estado seria adiado. O TRE-AP informou que as elei\u00e7\u00f5es transcorreram normalmente nos demais munic\u00edpios amapaenses.<\/p>\n\n\n\n<figure class=\"wp-block-image\"><a href=\"https:\/\/agenciabrasil.ebc.com.br\/tags\/eleicoes-2020\"><img decoding=\"async\" src=\"https:\/\/conteudo.ebc.com.br\/agencia\/2020\/eleicao\/divulga\/banner_eleicoes2020_miolo.jpg\" alt=\"\"\/><\/a><\/figure>\n\n\n\n<p>Por Pedro Peduzzi &#8211; Rep\u00f3rter da Ag\u00eancia Brasil &#8211; Bras\u00edlia<\/p>\n\n\n\n<p>Edi\u00e7\u00e3o: Val\u00e9ria Aguiar<\/p>\n","protected":false},"excerpt":{"rendered":"<p>De acordo com a Justi\u00e7a Eleitoral, 292.718 pessoas est\u00e3o aptas a votar Adiadas devido aos<\/p>\n","protected":false},"author":2,"featured_media":7451,"comment_status":"open","ping_status":"open","sticky":false,"template":"","format":"standard","meta":{"footnotes":""},"categories":[15],"tags":[],"class_list":["post-7450","post","type-post","status-publish","format-standard","has-post-thumbnail","hentry","category-politica"],"_links":{"self":[{"href":"https:\/\/tvc16.com\/portal\/wp-json\/wp\/v2\/posts\/7450","targetHints":{"allow":["GET"]}}],"collection":[{"href":"https:\/\/tvc16.com\/portal\/wp-json\/wp\/v2\/posts"}],"about":[{"href":"https:\/\/tvc16.com\/portal\/wp-json\/wp\/v2\/types\/post"}],"author":[{"embeddable":true,"href":"https:\/\/tvc16.com\/portal\/wp-json\/wp\/v2\/users\/2"}],"replies":[{"embeddable":true,"href":"https:\/\/tvc16.com\/portal\/wp-json\/wp\/v2\/comments?post=7450"}],"version-history":[{"count":1,"href":"https:\/\/tvc16.com\/portal\/wp-json\/wp\/v2\/posts\/7450\/revisions"}],"predecessor-version":[{"id":7452,"href":"https:\/\/tvc16.com\/portal\/wp-json\/wp\/v2\/posts\/7450\/revisions\/7452"}],"wp:featuredmedia":[{"embeddable":true,"href":"https:\/\/tvc16.com\/portal\/wp-json\/wp\/v2\/media\/7451"}],"wp:attachment":[{"href":"https:\/\/tvc16.com\/portal\/wp-json\/wp\/v2\/media?parent=7450"}],"wp:term":[{"taxonomy":"category","embeddable":true,"href":"https:\/\/tvc16.com\/portal\/wp-json\/wp\/v2\/categories?post=7450"},{"taxonomy":"post_tag","embeddable":true,"href":"https:\/\/tvc16.com\/portal\/wp-json\/wp\/v2\/tags?post=7450"}],"curies":[{"name":"wp","href":"https:\/\/api.w.org\/{rel}","templated":true}]}}