{"id":7456,"date":"2020-12-04T14:21:39","date_gmt":"2020-12-04T17:21:39","guid":{"rendered":"https:\/\/tvc16.com\/portal\/?p=7456"},"modified":"2020-12-04T14:21:43","modified_gmt":"2020-12-04T17:21:43","slug":"camara-aprova-mp-que-modifica-programa-minha-casa-minha-vida","status":"publish","type":"post","link":"https:\/\/tvc16.com\/portal\/2020\/12\/04\/camara-aprova-mp-que-modifica-programa-minha-casa-minha-vida\/","title":{"rendered":"C\u00e2mara aprova MP que modifica programa Minha Casa Minha Vida"},"content":{"rendered":"\n<p>Texto que cria o Casa Verde Amarela teve 500 emendas; proposta segue para aprecia\u00e7\u00e3o do Senado<\/p>\n\n\n\n<p><\/p>\n\n\n\n<p>Foi aprovada nessa semana (3), na C\u00e2mara do Deputados, a <a href=\"http:\/\/www.planalto.gov.br\/ccivil_03\/_Ato2019-2022\/2020\/Mpv\/mpv996.htm#:~:text=Institui%20o%20Programa%20Casa%20Verde,Provis%C3%B3ria%2C%20com%20for%C3%A7a%20de%20lei%3A&amp;text=X%20%2D%20transpar%C3%AAncia%20e%20participa%C3%A7%C3%A3o%20dos,Programa%20Casa%20Verde%20e%20Amarela.\" target=\"_blank\" rel=\"noreferrer noopener\">Medida Provis\u00f3ria 996<\/a>, que cria o programa habitacional Casa Verde e Amarela. O novo programa reformula o Minha Casa Minha Vida, com foco na regulariza\u00e7\u00e3o fundi\u00e1ria e na redu\u00e7\u00e3o da taxa de juros. A proposta, segundo o Governo Federal, \u00e9 aumentar o acesso dos cidad\u00e3os ao financiamento da casa pr\u00f3pria.&nbsp;<\/p>\n\n\n\n<p>O texto foi modificado pelo relator, deputado Isnaldo Bulh\u00f5es Jr. (MDB-AL), que, entre outros pontos, especificou quais financiamentos ser\u00e3o inclu\u00eddos no Cadastro Nacional de Mutu\u00e1rios e objeto de restri\u00e7\u00f5es a subs\u00eddios. Segundo ele, foram propostas 500 emendas para alterar o texto original. &nbsp;<\/p>\n\n\n\n<p>Com a MP, o conceito de faixas de renda foi alterado para grupos. O Grupo 1 vem com fam\u00edlias com renda de at\u00e9 R$ 2 mil. Grupo 2, fam\u00edlias com renda entre R$ 2 mil e R$ 4 mil. Grupo 3, fam\u00edlias com renda entre R$ 4 mil e R$ 7 mil. as diferen\u00e7as entre subs\u00eddios e programas ser\u00e3o especificadas em regulamenta\u00e7\u00e3o do Minist\u00e9rio do Desenvolvimento Regional.&nbsp;<\/p>\n\n\n\n<p>A meta do programa \u00e9 atender, at\u00e9 2024, mais de 1,5 milh\u00e3o de fam\u00edlias de baixa renda com o financiamento habitacional. De acordo com a pasta, as regi\u00f5es Norte e Nordeste ser\u00e3o contempladas com redu\u00e7\u00e3o nas taxas em at\u00e9 0,5 ponto percentual para fam\u00edlias com renda de at\u00e9 R$ 2 mil mensais e 0,25 ponto para quem ganha entre R$ 2 mil e R$ 2,6 mil.&nbsp;<\/p>\n\n\n\n<p>A MP segue agora para aprecia\u00e7\u00e3o no Senado.&nbsp;<\/p>\n\n\n\n<p>Fonte: <a href=\"https:\/\/brasil61.com\/noticias\/camara-aprova-mp-que-modifica-o-programa-minha-casa-minha-vida-bras202893?email=bethdeoliveira@yahoo.com.br&amp;utm_source=newsletter&amp;utm_medium=newsletter&amp;utm_campaign=newsletter\" target=\"_blank\" rel=\"noreferrer noopener\">Brasil 61<\/a><\/p>\n","protected":false},"excerpt":{"rendered":"<p>Texto que cria o Casa Verde Amarela teve 500 emendas; proposta segue para aprecia\u00e7\u00e3o do<\/p>\n","protected":false},"author":2,"featured_media":7457,"comment_status":"open","ping_status":"open","sticky":false,"template":"","format":"standard","meta":{"footnotes":""},"categories":[17],"tags":[],"class_list":["post-7456","post","type-post","status-publish","format-standard","has-post-thumbnail","hentry","category-outras-noticias"],"_links":{"self":[{"href":"https:\/\/tvc16.com\/portal\/wp-json\/wp\/v2\/posts\/7456","targetHints":{"allow":["GET"]}}],"collection":[{"href":"https:\/\/tvc16.com\/portal\/wp-json\/wp\/v2\/posts"}],"about":[{"href":"https:\/\/tvc16.com\/portal\/wp-json\/wp\/v2\/types\/post"}],"author":[{"embeddable":true,"href":"https:\/\/tvc16.com\/portal\/wp-json\/wp\/v2\/users\/2"}],"replies":[{"embeddable":true,"href":"https:\/\/tvc16.com\/portal\/wp-json\/wp\/v2\/comments?post=7456"}],"version-history":[{"count":1,"href":"https:\/\/tvc16.com\/portal\/wp-json\/wp\/v2\/posts\/7456\/revisions"}],"predecessor-version":[{"id":7458,"href":"https:\/\/tvc16.com\/portal\/wp-json\/wp\/v2\/posts\/7456\/revisions\/7458"}],"wp:featuredmedia":[{"embeddable":true,"href":"https:\/\/tvc16.com\/portal\/wp-json\/wp\/v2\/media\/7457"}],"wp:attachment":[{"href":"https:\/\/tvc16.com\/portal\/wp-json\/wp\/v2\/media?parent=7456"}],"wp:term":[{"taxonomy":"category","embeddable":true,"href":"https:\/\/tvc16.com\/portal\/wp-json\/wp\/v2\/categories?post=7456"},{"taxonomy":"post_tag","embeddable":true,"href":"https:\/\/tvc16.com\/portal\/wp-json\/wp\/v2\/tags?post=7456"}],"curies":[{"name":"wp","href":"https:\/\/api.w.org\/{rel}","templated":true}]}}