{"id":7459,"date":"2020-12-04T14:23:51","date_gmt":"2020-12-04T17:23:51","guid":{"rendered":"https:\/\/tvc16.com\/portal\/?p=7459"},"modified":"2020-12-04T14:23:54","modified_gmt":"2020-12-04T17:23:54","slug":"pandemia-brasil-tem-crescimento-de-mais-100-nos-casos-de-covid-19-em-tres-semanas","status":"publish","type":"post","link":"https:\/\/tvc16.com\/portal\/2020\/12\/04\/pandemia-brasil-tem-crescimento-de-mais-100-nos-casos-de-covid-19-em-tres-semanas\/","title":{"rendered":"Pandemia: Brasil tem crescimento de mais 100% nos casos de Covid- 19 em tr\u00eas semanas"},"content":{"rendered":"\n<p>Quantidade de diagn\u00f3sticos subiu de 117,9 mil para 237,4 mil<\/p>\n\n\n\n<p>Os casos de Covid-19 no Brasil v\u00eam aumentando consecutivamente nas \u00faltimas tr\u00eas semanas. De acordo com dados do Minist\u00e9rio da Sa\u00fade, na semana epidemiol\u00f3gica 45 a quantidade m\u00e9dia de diagn\u00f3sticos era de pouco menos de 118 mil. Na semana 48, entre os dias 22 e 28 de novembro, foram registados 237,4 mil &#8211; aumento de mais de 100%.\u00a0<br><br>Desde o final de julho, com alguns aumentos pontuais, a pandemia vinha apresentando sinais de desacelera\u00e7\u00e3o, mas voltou a ter aumento na curva de casos a partir do in\u00edcio de novembro. Em entrevista coletiva, o secret\u00e1rio de Vigil\u00e2ncia em Sa\u00fade do Minist\u00e9rio, Arnaldo de Medeiros, disse que a forte alta a partir da semana epidemiol\u00f3gica 45 pode estar relacionada \u00e0 instabilidade dos dados.<br>\u00a0<br>Quanto ao cen\u00e1rio da pandemia nas regi\u00f5es do pa\u00eds, a maior varia\u00e7\u00e3o no n\u00famero de casos ocorreu no Nordeste &#8211; \u00a038%. O Centro-Oeste aparece na sequ\u00eancia, com aumento de 23%, seguido pela regi\u00e3o Sul, 17%, e o Norte, que teve crescimento de 16% nos diagn\u00f3sticos. J\u00e1 na regi\u00e3o Sudeste houve negativa, ap\u00f3s grande aumento de diagn\u00f3sticos na semana 45.<br><br>Em rela\u00e7\u00e3o \u00e0s mortes por Covid-19, os maiores acr\u00e9scimos\u00a0nas duas \u00faltimas semanas ocorreram no Sul (36%), Centro-Oeste e Norte (17%) e Nordeste (10%). O Sudeste se manteve praticamente uma est\u00e1vel (-1%).<\/p>\n\n\n\n<p>Fonte: <a href=\"https:\/\/brasil61.com\/noticias\/pandemia-brasil-tem-crescimento-de-mais-100-nos-casos-de-covid-19-em-tres-semanas-bras202902?email=bethdeoliveira@yahoo.com.br&amp;utm_source=newsletter&amp;utm_medium=newsletter&amp;utm_campaign=newsletter\" target=\"_blank\" rel=\"noreferrer noopener\">Brasil 61<\/a><\/p>\n","protected":false},"excerpt":{"rendered":"<p>Quantidade de diagn\u00f3sticos subiu de 117,9 mil para 237,4 mil Os casos de Covid-19 no<\/p>\n","protected":false},"author":2,"featured_media":7460,"comment_status":"open","ping_status":"open","sticky":false,"template":"","format":"standard","meta":{"footnotes":""},"categories":[14],"tags":[],"class_list":["post-7459","post","type-post","status-publish","format-standard","has-post-thumbnail","hentry","category-pais"],"_links":{"self":[{"href":"https:\/\/tvc16.com\/portal\/wp-json\/wp\/v2\/posts\/7459","targetHints":{"allow":["GET"]}}],"collection":[{"href":"https:\/\/tvc16.com\/portal\/wp-json\/wp\/v2\/posts"}],"about":[{"href":"https:\/\/tvc16.com\/portal\/wp-json\/wp\/v2\/types\/post"}],"author":[{"embeddable":true,"href":"https:\/\/tvc16.com\/portal\/wp-json\/wp\/v2\/users\/2"}],"replies":[{"embeddable":true,"href":"https:\/\/tvc16.com\/portal\/wp-json\/wp\/v2\/comments?post=7459"}],"version-history":[{"count":1,"href":"https:\/\/tvc16.com\/portal\/wp-json\/wp\/v2\/posts\/7459\/revisions"}],"predecessor-version":[{"id":7461,"href":"https:\/\/tvc16.com\/portal\/wp-json\/wp\/v2\/posts\/7459\/revisions\/7461"}],"wp:featuredmedia":[{"embeddable":true,"href":"https:\/\/tvc16.com\/portal\/wp-json\/wp\/v2\/media\/7460"}],"wp:attachment":[{"href":"https:\/\/tvc16.com\/portal\/wp-json\/wp\/v2\/media?parent=7459"}],"wp:term":[{"taxonomy":"category","embeddable":true,"href":"https:\/\/tvc16.com\/portal\/wp-json\/wp\/v2\/categories?post=7459"},{"taxonomy":"post_tag","embeddable":true,"href":"https:\/\/tvc16.com\/portal\/wp-json\/wp\/v2\/tags?post=7459"}],"curies":[{"name":"wp","href":"https:\/\/api.w.org\/{rel}","templated":true}]}}