{"id":7462,"date":"2020-12-04T14:25:40","date_gmt":"2020-12-04T17:25:40","guid":{"rendered":"https:\/\/tvc16.com\/portal\/?p=7462"},"modified":"2020-12-04T14:25:42","modified_gmt":"2020-12-04T17:25:42","slug":"caixa-comeca-a-pagar-abono-salarial-de-declaracoes-rais-atrasadas-na-terca-8","status":"publish","type":"post","link":"https:\/\/tvc16.com\/portal\/2020\/12\/04\/caixa-comeca-a-pagar-abono-salarial-de-declaracoes-rais-atrasadas-na-terca-8\/","title":{"rendered":"Caixa come\u00e7a a pagar abono salarial de declara\u00e7\u00f5es Rais atrasadas na ter\u00e7a (8)"},"content":{"rendered":"\n<p>Valor do benef\u00edcio pode chegar a R$ 1.045,a depender da quantidade de meses trabalhados<\/p>\n\n\n\n<p>A Caixa Econ\u00f4mica come\u00e7a o pagamento do Abono Salarial 2020\/2021 na pr\u00f3xima ter\u00e7a-feira (8), referente \u00e0s declara\u00e7\u00f5es da Rela\u00e7\u00e3o Anual de Informa\u00e7\u00f5es Sociais (Rais), ano-base 2019, que foram entregues fora do prazo ou retificadas pelos empregadores at\u00e9 30 de setembro.&nbsp;<br>&nbsp;<br>A partir de ter\u00e7a, os trabalhadores nascidos entre julho e novembro poder\u00e3o receber o benef\u00edcio. J\u00e1 os que fazem anivers\u00e1rio entre dezembro e junho v\u00e3o seguir o <a href=\"https:\/\/www.in.gov.br\/en\/web\/dou\/-\/resolucao-n-857-de-1-de-abril-de-2020-251136606\">atual calend\u00e1rio<\/a>, baseado no m\u00eas de nascimento. Para esse grupo, o banco informa que os pagamentos come\u00e7am em 15 de dezembro e v\u00e3o at\u00e9 17 de mar\u00e7o do ano que vem.&nbsp;<\/p>\n\n\n\n<p><strong><a href=\"https:\/\/brasil61.com\/noticias\/trabalhadores-terao-nova-chance-de-solicitar-saque-emergencial-do-fgts-bras202851\">Trabalhadores ter\u00e3o nova chance de solicitar saque emergencial do FGTS<\/a><\/strong><\/p>\n\n\n\n<p><strong><a href=\"https:\/\/brasil61.com\/noticias\/beneficiarios-do-bolsa-familia-passarao-a-receber-por-poupanca-digital-bras202835\">Benefici\u00e1rios do Bolsa Fam\u00edlia passar\u00e3o a receber por poupan\u00e7a digital<\/a><\/strong><br>&nbsp;<br>O valor do abono salarial varia de R$ 88 a R$ 1.045, a depender da quantidade de meses trabalhadores em 2019. O trabalhador inscrito no Programa de Integra\u00e7\u00e3o Social (PIS) h\u00e1, pelo menos, cinco anos e que tenha trabalhado formalmente por, no m\u00ednimo, 30 dias no ano passado, com remunera\u00e7\u00e3o mensal m\u00e9dia de at\u00e9 dois sal\u00e1rios m\u00ednimos, tem direito ao benef\u00edcio.&nbsp;<br>&nbsp;<br>Para saber e ter direito ao benef\u00edcio, o trabalhador deve acessar o aplicativo Caixa Trabalhador, o site da Caixa ou entrar em contato pelo atendimento Caixa ao Cidad\u00e3o, no 0800 726 0207.&nbsp;<\/p>\n\n\n\n<p>Fonte: <a href=\"https:\/\/brasil61.com\/noticias\/caixa-comeca-a-pagar-abono-salarial-de-declaracoes-rais-atrasadas-na-terca-8-bras202894?email=bethdeoliveira@yahoo.com.br&amp;utm_source=newsletter&amp;utm_medium=newsletter&amp;utm_campaign=newsletter\" target=\"_blank\" rel=\"noreferrer noopener\">Brasil 61<\/a><\/p>\n","protected":false},"excerpt":{"rendered":"<p>Valor do benef\u00edcio pode chegar a R$ 1.045,a depender da quantidade de meses trabalhados A<\/p>\n","protected":false},"author":2,"featured_media":7463,"comment_status":"open","ping_status":"open","sticky":false,"template":"","format":"standard","meta":{"footnotes":""},"categories":[17],"tags":[],"class_list":["post-7462","post","type-post","status-publish","format-standard","has-post-thumbnail","hentry","category-outras-noticias"],"_links":{"self":[{"href":"https:\/\/tvc16.com\/portal\/wp-json\/wp\/v2\/posts\/7462","targetHints":{"allow":["GET"]}}],"collection":[{"href":"https:\/\/tvc16.com\/portal\/wp-json\/wp\/v2\/posts"}],"about":[{"href":"https:\/\/tvc16.com\/portal\/wp-json\/wp\/v2\/types\/post"}],"author":[{"embeddable":true,"href":"https:\/\/tvc16.com\/portal\/wp-json\/wp\/v2\/users\/2"}],"replies":[{"embeddable":true,"href":"https:\/\/tvc16.com\/portal\/wp-json\/wp\/v2\/comments?post=7462"}],"version-history":[{"count":1,"href":"https:\/\/tvc16.com\/portal\/wp-json\/wp\/v2\/posts\/7462\/revisions"}],"predecessor-version":[{"id":7464,"href":"https:\/\/tvc16.com\/portal\/wp-json\/wp\/v2\/posts\/7462\/revisions\/7464"}],"wp:featuredmedia":[{"embeddable":true,"href":"https:\/\/tvc16.com\/portal\/wp-json\/wp\/v2\/media\/7463"}],"wp:attachment":[{"href":"https:\/\/tvc16.com\/portal\/wp-json\/wp\/v2\/media?parent=7462"}],"wp:term":[{"taxonomy":"category","embeddable":true,"href":"https:\/\/tvc16.com\/portal\/wp-json\/wp\/v2\/categories?post=7462"},{"taxonomy":"post_tag","embeddable":true,"href":"https:\/\/tvc16.com\/portal\/wp-json\/wp\/v2\/tags?post=7462"}],"curies":[{"name":"wp","href":"https:\/\/api.w.org\/{rel}","templated":true}]}}