{"id":7465,"date":"2020-12-04T14:28:09","date_gmt":"2020-12-04T17:28:09","guid":{"rendered":"https:\/\/tvc16.com\/portal\/?p=7465"},"modified":"2020-12-04T14:28:12","modified_gmt":"2020-12-04T17:28:12","slug":"forum-de-responsabilidade-social-debatera-o-tema-educacao-abre-portas-e-mentes","status":"publish","type":"post","link":"https:\/\/tvc16.com\/portal\/2020\/12\/04\/forum-de-responsabilidade-social-debatera-o-tema-educacao-abre-portas-e-mentes\/","title":{"rendered":"F\u00f3rum de Responsabilidade Social debater\u00e1 o tema \u201cEduca\u00e7\u00e3o abre Portas e Mentes\u201d"},"content":{"rendered":"\n<p><em>Evento contar\u00e1 com nomes relevantes da sociedade brasileira e<\/em>\u00a0<em>abordar\u00e1 a import\u00e2ncia da Educa\u00e7\u00e3o na vida das pessoas\u00a0\u00a0\u00a0<\/em>\u00a0\u00a0<\/p>\n\n\n\n<p>Fernando Henrique Cardoso, Luciano Huck,&nbsp;Lindalia&nbsp;Junqueira,&nbsp;Marcello&nbsp;Dughettu, Fernanda Keller, Bernardinho, Fl\u00e1vio Canto,&nbsp;Leizer&nbsp;Pereira, Roberta Medina, Malu Mader e Tony Bellotto s\u00e3o os convidados especiais do&nbsp;<strong>4\u00ba F\u00f3rum de Responsabilidade Social da Est\u00e1cio<\/strong>. Para o evento, que marca os 50 anos da Institui\u00e7\u00e3o de Ensino Superior, a Est\u00e1cio elegeu algumas das mais importantes personalidades que, como a institui\u00e7\u00e3o, buscam gerar impacto positivo em nossa sociedade e fazer a diferen\u00e7a na vida de muitos brasileiros. Totalmente on-line e aberta ao p\u00fablico externo, a edi\u00e7\u00e3o deste ano acontecer\u00e1 no dia 7 de dezembro, a partir das 18h, por meio do link:&nbsp;<a rel=\"noreferrer noopener\" target=\"_blank\" href=\"https:\/\/nam10.safelinks.protection.outlook.com\/?url=https%3A%2F%2Fforum50anos.estacio.br%2F&amp;data=04%7C01%7Candre.marins%40yduqs.com.br%7Cb4603367d21147ccf73d08d8979d269d%7C29e081cc983f4d52b1d0103595213bc6%7C1%7C1%7C637426049207434645%7CUnknown%7CTWFpbGZsb3d8eyJWIjoiMC4wLjAwMDAiLCJQIjoiV2luMzIiLCJBTiI6Ik1haWwiLCJXVCI6Mn0%3D%7C2000&amp;sdata=7nfTx3Wd1hkS%2FH0EC7oZRd6nGKaazYKtrCH7X4FOB%2BQ%3D&amp;reserved=0\"><strong>https:\/\/forum50anos.estacio.br\/<\/strong><\/a>&nbsp;&nbsp;<\/p>\n\n\n\n<p>&nbsp;O objetivo do&nbsp;<strong>4\u00ba F\u00f3rum de Responsabilidade Social da Est\u00e1cio: Educa\u00e7\u00e3o abre Portas e Mentes<\/strong>&nbsp;\u00e9 trazer luz e provocar a discuss\u00e3o, mostrando a&nbsp;import\u00e2ncia do Ensino Superior na vida das pessoas. Ele contar\u00e1 com cinco pain\u00e9is, cada um inspirado nos pilares do Programa Educar para Transformar da Est\u00e1cio: Cidadania, Escola, Cultura, Esporte e Inova\u00e7\u00e3o &amp; Empreendedorismo. A iniciativa ter\u00e1 como mediadores o CEO Est\u00e1cio, Eduardo Parente, e os vice-presidentes da institui\u00e7\u00e3o, Cl\u00e1udia Romano, Rela\u00e7\u00f5es Governamentais, Sustentabilidade e Comunica\u00e7\u00e3o; Alexandre&nbsp;Aguieiras,&nbsp;executivo de Conte\u00fado Digital; Aroldo Alves, Opera\u00e7\u00f5es Digitais;&nbsp;Rossano&nbsp;Marques, Opera\u00e7\u00f5es Corporativas; e Marcel&nbsp;Desco,&nbsp;Vendas &amp; Marketing.&nbsp;&nbsp;&nbsp;<\/p>\n","protected":false},"excerpt":{"rendered":"<p>Evento contar\u00e1 com nomes relevantes da sociedade brasileira e\u00a0abordar\u00e1 a import\u00e2ncia da Educa\u00e7\u00e3o na vida<\/p>\n","protected":false},"author":2,"featured_media":7466,"comment_status":"open","ping_status":"open","sticky":false,"template":"","format":"standard","meta":{"footnotes":""},"categories":[19],"tags":[],"class_list":["post-7465","post","type-post","status-publish","format-standard","has-post-thumbnail","hentry","category-educacao"],"_links":{"self":[{"href":"https:\/\/tvc16.com\/portal\/wp-json\/wp\/v2\/posts\/7465","targetHints":{"allow":["GET"]}}],"collection":[{"href":"https:\/\/tvc16.com\/portal\/wp-json\/wp\/v2\/posts"}],"about":[{"href":"https:\/\/tvc16.com\/portal\/wp-json\/wp\/v2\/types\/post"}],"author":[{"embeddable":true,"href":"https:\/\/tvc16.com\/portal\/wp-json\/wp\/v2\/users\/2"}],"replies":[{"embeddable":true,"href":"https:\/\/tvc16.com\/portal\/wp-json\/wp\/v2\/comments?post=7465"}],"version-history":[{"count":1,"href":"https:\/\/tvc16.com\/portal\/wp-json\/wp\/v2\/posts\/7465\/revisions"}],"predecessor-version":[{"id":7467,"href":"https:\/\/tvc16.com\/portal\/wp-json\/wp\/v2\/posts\/7465\/revisions\/7467"}],"wp:featuredmedia":[{"embeddable":true,"href":"https:\/\/tvc16.com\/portal\/wp-json\/wp\/v2\/media\/7466"}],"wp:attachment":[{"href":"https:\/\/tvc16.com\/portal\/wp-json\/wp\/v2\/media?parent=7465"}],"wp:term":[{"taxonomy":"category","embeddable":true,"href":"https:\/\/tvc16.com\/portal\/wp-json\/wp\/v2\/categories?post=7465"},{"taxonomy":"post_tag","embeddable":true,"href":"https:\/\/tvc16.com\/portal\/wp-json\/wp\/v2\/tags?post=7465"}],"curies":[{"name":"wp","href":"https:\/\/api.w.org\/{rel}","templated":true}]}}