{"id":7468,"date":"2020-12-04T14:38:42","date_gmt":"2020-12-04T17:38:42","guid":{"rendered":"https:\/\/tvc16.com\/portal\/?p=7468"},"modified":"2020-12-04T14:38:44","modified_gmt":"2020-12-04T17:38:44","slug":"a-conhecida-casa-dos-sete-erros-ou-casa-da-ipiranga-reabre-com-novo-nome-e-exposicoes-neste-sabado-5-o-publico-ja-encontra-novidades","status":"publish","type":"post","link":"https:\/\/tvc16.com\/portal\/2020\/12\/04\/a-conhecida-casa-dos-sete-erros-ou-casa-da-ipiranga-reabre-com-novo-nome-e-exposicoes-neste-sabado-5-o-publico-ja-encontra-novidades\/","title":{"rendered":"A conhecida &#8220;Casa dos sete erros&#8221;, ou Casa da Ipiranga&#8221; reabre com novo nome e exposi\u00e7\u00f5es. Neste s\u00e1bado, 5, o p\u00fablico j\u00e1 encontra novidades"},"content":{"rendered":"\n<p>Sob nova gest\u00e3o, o local recuperou seu nome como&nbsp;<em>Casa de Petr\u00f3polis Instituto de Cultura<\/em>, primeiro nome recebido pela casa ainda em 1998. Nessa nova fase, a Casa tem a inten\u00e7\u00e3o de servir como um bom exemplo de im\u00f3vel tombado, contemplando o aproveitamento do espa\u00e7o de forma consciente, unindo a preserva\u00e7\u00e3o com atividades voltadas para a cultura e a hist\u00f3ria.<\/p>\n\n\n\n<p>A CPIC pretende honrar o pioneirismo de Jos\u00e9 Tavares Guerra, funcionando como uma ponte entre o passado, presente e futuro. Sem se restringir como espa\u00e7o museol\u00f3gico ou galeria, a CPIC \u00e9 um local onde se preserva a mem\u00f3ria material e imaterial, contemplando visitas ao interior, exposi\u00e7\u00f5es hist\u00f3ricas, atividades culturais como concertos musicais, palestras, debates e local para exposi\u00e7\u00f5es de artes pl\u00e1sticas, criando alternativa para a vida cultural da cidade.<\/p>\n\n\n\n<p>A local abriu ao p\u00fablico no dia primeiro deste m\u00eas. O primeiro andar conta com visita\u00e7\u00e3o guiada, onde as pessoas podem contemplar toda a beleza dos detalhes originais do im\u00f3vel e com uma sala para exposi\u00e7\u00e3o permanente de artes pl\u00e1sticas contempor\u00e2neas, sob curadoria do artista pl\u00e1stico Luiz Aquila, que \u00e9 um dos propriet\u00e1rios da Casa. Neste s\u00e1bado (05) a Casa sediar\u00e1 a exposi\u00e7\u00e3o \u201cXIX, XX, XXI\u201d de arte contempor\u00e2nea, com obras de Luiz Aquila, Beatriz Milhares, Daniel Senise, Marcelo Lago, Julia Miranda e Ant\u00f4nia Dias Leite. Em um segundo momento o espa\u00e7o ir\u00e1 receber em seu segundo pavimento a exposi\u00e7\u00e3o \u201cNas Asas da Panair\u201d vinda do Museu Hist\u00f3rico Nacional.\u00a0\u00a0\u00a0<\/p>\n","protected":false},"excerpt":{"rendered":"<p>Sob nova gest\u00e3o, o local recuperou seu nome como&nbsp;Casa de Petr\u00f3polis Instituto de Cultura, primeiro<\/p>\n","protected":false},"author":2,"featured_media":5613,"comment_status":"open","ping_status":"open","sticky":false,"template":"","format":"standard","meta":{"footnotes":""},"categories":[12],"tags":[],"class_list":["post-7468","post","type-post","status-publish","format-standard","has-post-thumbnail","hentry","category-cidade"],"_links":{"self":[{"href":"https:\/\/tvc16.com\/portal\/wp-json\/wp\/v2\/posts\/7468","targetHints":{"allow":["GET"]}}],"collection":[{"href":"https:\/\/tvc16.com\/portal\/wp-json\/wp\/v2\/posts"}],"about":[{"href":"https:\/\/tvc16.com\/portal\/wp-json\/wp\/v2\/types\/post"}],"author":[{"embeddable":true,"href":"https:\/\/tvc16.com\/portal\/wp-json\/wp\/v2\/users\/2"}],"replies":[{"embeddable":true,"href":"https:\/\/tvc16.com\/portal\/wp-json\/wp\/v2\/comments?post=7468"}],"version-history":[{"count":1,"href":"https:\/\/tvc16.com\/portal\/wp-json\/wp\/v2\/posts\/7468\/revisions"}],"predecessor-version":[{"id":7469,"href":"https:\/\/tvc16.com\/portal\/wp-json\/wp\/v2\/posts\/7468\/revisions\/7469"}],"wp:featuredmedia":[{"embeddable":true,"href":"https:\/\/tvc16.com\/portal\/wp-json\/wp\/v2\/media\/5613"}],"wp:attachment":[{"href":"https:\/\/tvc16.com\/portal\/wp-json\/wp\/v2\/media?parent=7468"}],"wp:term":[{"taxonomy":"category","embeddable":true,"href":"https:\/\/tvc16.com\/portal\/wp-json\/wp\/v2\/categories?post=7468"},{"taxonomy":"post_tag","embeddable":true,"href":"https:\/\/tvc16.com\/portal\/wp-json\/wp\/v2\/tags?post=7468"}],"curies":[{"name":"wp","href":"https:\/\/api.w.org\/{rel}","templated":true}]}}