{"id":747,"date":"2020-09-19T16:12:55","date_gmt":"2020-09-19T16:12:55","guid":{"rendered":"https:\/\/tvc16.com\/portal\/?p=747"},"modified":"2020-09-19T16:12:55","modified_gmt":"2020-09-19T16:12:55","slug":"mulheres-sao-responsaveis-por-60-das-inscricoes-do-enem-2020","status":"publish","type":"post","link":"https:\/\/tvc16.com\/portal\/2020\/09\/19\/mulheres-sao-responsaveis-por-60-das-inscricoes-do-enem-2020\/","title":{"rendered":"Mulheres s\u00e3o respons\u00e1veis por 60% das inscri\u00e7\u00f5es do Enem 2020"},"content":{"rendered":"\n<p>O Instituto Nacional de Estudos e Pesquisas Educacionais An\u00edsio Teixeira (Inep) afirma que as mulheres correspondem a 60% das inscri\u00e7\u00f5es confirmadas para o Exame Nacional do Ensino M\u00e9dio (Enem) 2020, totalizando 3.468.808. Al\u00e9m disso, segundo a entidade, foram recebidas&nbsp;1.661 solicita\u00e7\u00f5es de atendimento especializado para gestantes e 3.419 para lactantes.&nbsp;<\/p>\n\n\n\n<p>Tanto as candidatas gr\u00e1vidas como as m\u00e3es em fase de amamenta\u00e7\u00e3o t\u00eam direito a atendimento especial.&nbsp;<\/p>\n\n\n\n<p><strong><a href=\"https:\/\/brasil61.com\/noticias\/governos-de-sao-paulo-e-goias-estudam-aumentar-repasses-do-icms-a-municipios-com-melhores-niveis-educacionais-bras201825\" target=\"_blank\" rel=\"noreferrer noopener\">Governos de S\u00e3o Paulo e Goi\u00e1s estudam aumentar repasses do ICMS a munic\u00edpios com melhores n\u00edveis educacionais<\/a><\/strong><\/p>\n\n\n\n<p>Ao todo, &nbsp;5.783.357 de pessoas se inscreveram para para a prova impressa do Enem e 96.086 para a vers\u00e3o digital do exame. O pr\u00f3ximo exame est\u00e1 previsto para os dias 17 e 24 de janeiro de 2021, na vers\u00e3o impressa, e nos dias 31 de janeiro e 7 de fevereiro de 2021, na vers\u00e3o digital. &nbsp;<br>&nbsp;<\/p>\n\n\n\n<p>Fonte: <a href=\"https:\/\/brasil61.com\/noticias\/mulheres-sao-responsaveis-por-60-das-inscricoes-do-enem-2020-bras201894?email=bethdeoliveira@yahoo.com.br&amp;utm_source=newsletter&amp;utm_medium=newsletter&amp;utm_campaign=newsletter\" target=\"_blank\" rel=\"noreferrer noopener\">Brasil 61<\/a><\/p>\n","protected":false},"excerpt":{"rendered":"<p>O Instituto Nacional de Estudos e Pesquisas Educacionais An\u00edsio Teixeira (Inep) afirma que as mulheres<\/p>\n","protected":false},"author":2,"featured_media":748,"comment_status":"open","ping_status":"open","sticky":false,"template":"","format":"standard","meta":{"footnotes":""},"categories":[14],"tags":[],"class_list":["post-747","post","type-post","status-publish","format-standard","has-post-thumbnail","hentry","category-pais"],"_links":{"self":[{"href":"https:\/\/tvc16.com\/portal\/wp-json\/wp\/v2\/posts\/747","targetHints":{"allow":["GET"]}}],"collection":[{"href":"https:\/\/tvc16.com\/portal\/wp-json\/wp\/v2\/posts"}],"about":[{"href":"https:\/\/tvc16.com\/portal\/wp-json\/wp\/v2\/types\/post"}],"author":[{"embeddable":true,"href":"https:\/\/tvc16.com\/portal\/wp-json\/wp\/v2\/users\/2"}],"replies":[{"embeddable":true,"href":"https:\/\/tvc16.com\/portal\/wp-json\/wp\/v2\/comments?post=747"}],"version-history":[{"count":1,"href":"https:\/\/tvc16.com\/portal\/wp-json\/wp\/v2\/posts\/747\/revisions"}],"predecessor-version":[{"id":749,"href":"https:\/\/tvc16.com\/portal\/wp-json\/wp\/v2\/posts\/747\/revisions\/749"}],"wp:featuredmedia":[{"embeddable":true,"href":"https:\/\/tvc16.com\/portal\/wp-json\/wp\/v2\/media\/748"}],"wp:attachment":[{"href":"https:\/\/tvc16.com\/portal\/wp-json\/wp\/v2\/media?parent=747"}],"wp:term":[{"taxonomy":"category","embeddable":true,"href":"https:\/\/tvc16.com\/portal\/wp-json\/wp\/v2\/categories?post=747"},{"taxonomy":"post_tag","embeddable":true,"href":"https:\/\/tvc16.com\/portal\/wp-json\/wp\/v2\/tags?post=747"}],"curies":[{"name":"wp","href":"https:\/\/api.w.org\/{rel}","templated":true}]}}