{"id":7473,"date":"2020-12-04T15:16:37","date_gmt":"2020-12-04T18:16:37","guid":{"rendered":"https:\/\/tvc16.com\/portal\/?p=7473"},"modified":"2020-12-04T15:16:40","modified_gmt":"2020-12-04T18:16:40","slug":"testes-rapidos-para-a-covid-19-na-praca-dom-pedro-atraiu-centenas-de-pessoas","status":"publish","type":"post","link":"https:\/\/tvc16.com\/portal\/2020\/12\/04\/testes-rapidos-para-a-covid-19-na-praca-dom-pedro-atraiu-centenas-de-pessoas\/","title":{"rendered":"Testes r\u00e1pidos para a covid-19 na Pra\u00e7a Dom Pedro, atraiu centenas de pessoas"},"content":{"rendered":"\n<p>Devido ao aumento do n\u00famero de casos de covid-19 em Petr\u00f3polis,  os testes em massa aumentaram, e a procura tamb\u00e9m. <\/p>\n\n\n\n<p>Nesta sexta-feira,(4) na Pra\u00e7a Dom Pedro, o atendimento come\u00e7ou \u00e0s 9h e deveria seguir at\u00e9 16h, mas devido a grande procura,  \u00e0s 15h, j\u00e1 n\u00e3o tinha mais material para  realiza\u00e7\u00e3o dos exames. <\/p>\n\n\n\n<figure class=\"wp-block-image size-large\"><img loading=\"lazy\" decoding=\"async\" width=\"1024\" height=\"576\" src=\"https:\/\/tvc16.com\/portal\/wp-content\/uploads\/2020\/12\/20201204_150045-1024x576.jpg\" alt=\"\" class=\"wp-image-7475\" srcset=\"https:\/\/tvc16.com\/portal\/wp-content\/uploads\/2020\/12\/20201204_150045-1024x576.jpg 1024w, https:\/\/tvc16.com\/portal\/wp-content\/uploads\/2020\/12\/20201204_150045-300x169.jpg 300w, https:\/\/tvc16.com\/portal\/wp-content\/uploads\/2020\/12\/20201204_150045-768x432.jpg 768w, https:\/\/tvc16.com\/portal\/wp-content\/uploads\/2020\/12\/20201204_150045-1536x864.jpg 1536w, https:\/\/tvc16.com\/portal\/wp-content\/uploads\/2020\/12\/20201204_150045-2048x1152.jpg 2048w\" sizes=\"auto, (max-width: 1024px) 100vw, 1024px\" \/><figcaption>Testes acabaram antes das 15h, mas quem estava na fila, foi atendido<\/figcaption><\/figure>\n\n\n\n<p>Vale lembrar que: somente em novembro foram 3.922 novos casos registrados em Petr\u00f3polis. Tamb\u00e9m foi registrado aumento na taxa de cont\u00e1gio da doen\u00e7a, que chegou a 1,8, o que significa que cada 100 petropolitanos contaminados transmitem a doen\u00e7a para outras 180 pessoas.<\/p>\n\n\n\n<p>A propaga\u00e7\u00e3o r\u00e1pida do v\u00edrus \u00e9 vis\u00edvel nas interna\u00e7\u00f5es em hospitais p\u00fablicos e privados da Cidade. <\/p>\n\n\n\n<p><\/p>\n\n\n\n<p><\/p>\n","protected":false},"excerpt":{"rendered":"<p>Devido ao aumento do n\u00famero de casos de covid-19 em Petr\u00f3polis, os testes em massa<\/p>\n","protected":false},"author":2,"featured_media":7474,"comment_status":"open","ping_status":"open","sticky":false,"template":"","format":"standard","meta":{"footnotes":""},"categories":[12],"tags":[],"class_list":["post-7473","post","type-post","status-publish","format-standard","has-post-thumbnail","hentry","category-cidade"],"_links":{"self":[{"href":"https:\/\/tvc16.com\/portal\/wp-json\/wp\/v2\/posts\/7473","targetHints":{"allow":["GET"]}}],"collection":[{"href":"https:\/\/tvc16.com\/portal\/wp-json\/wp\/v2\/posts"}],"about":[{"href":"https:\/\/tvc16.com\/portal\/wp-json\/wp\/v2\/types\/post"}],"author":[{"embeddable":true,"href":"https:\/\/tvc16.com\/portal\/wp-json\/wp\/v2\/users\/2"}],"replies":[{"embeddable":true,"href":"https:\/\/tvc16.com\/portal\/wp-json\/wp\/v2\/comments?post=7473"}],"version-history":[{"count":1,"href":"https:\/\/tvc16.com\/portal\/wp-json\/wp\/v2\/posts\/7473\/revisions"}],"predecessor-version":[{"id":7476,"href":"https:\/\/tvc16.com\/portal\/wp-json\/wp\/v2\/posts\/7473\/revisions\/7476"}],"wp:featuredmedia":[{"embeddable":true,"href":"https:\/\/tvc16.com\/portal\/wp-json\/wp\/v2\/media\/7474"}],"wp:attachment":[{"href":"https:\/\/tvc16.com\/portal\/wp-json\/wp\/v2\/media?parent=7473"}],"wp:term":[{"taxonomy":"category","embeddable":true,"href":"https:\/\/tvc16.com\/portal\/wp-json\/wp\/v2\/categories?post=7473"},{"taxonomy":"post_tag","embeddable":true,"href":"https:\/\/tvc16.com\/portal\/wp-json\/wp\/v2\/tags?post=7473"}],"curies":[{"name":"wp","href":"https:\/\/api.w.org\/{rel}","templated":true}]}}