{"id":7477,"date":"2020-12-05T08:47:57","date_gmt":"2020-12-05T11:47:57","guid":{"rendered":"https:\/\/tvc16.com\/portal\/?p=7477"},"modified":"2020-12-05T08:47:59","modified_gmt":"2020-12-05T11:47:59","slug":"desde-o-aumento-dos-casos-de-covid-em-petropolis-a-prefeitura-retomou-a-higienizacao-das-ruas","status":"publish","type":"post","link":"https:\/\/tvc16.com\/portal\/2020\/12\/05\/desde-o-aumento-dos-casos-de-covid-em-petropolis-a-prefeitura-retomou-a-higienizacao-das-ruas\/","title":{"rendered":"Desde o aumento dos casos de covid em Petr\u00f3polis, a Prefeitura retomou a higieniza\u00e7\u00e3o das ruas"},"content":{"rendered":"\n<p>Em conjunto a testagem em massa, a prefeitura tamb\u00e9m realiza os servi\u00e7os de higieniza\u00e7\u00e3o e desinfec\u00e7\u00e3o de ruas, com os trabalhos sendo realizados pela Comdep e pela \u00c1guas do Imperador. A a\u00e7\u00e3o foi intensificada com o objetivo de impedir a dissemina\u00e7\u00e3o do novo coronav\u00edrus \u2013 vetor da Covid-19. &nbsp;<\/p>\n\n\n\n<p>Nesta sexta-feira (04.12) o servi\u00e7o percorreu toda extens\u00e3o da Rua do Imperador, Rua da Imperatriz e Pra\u00e7a Dom Pedro II, onde tamb\u00e9m aconteceu uma a\u00e7\u00e3o de testagem em massa.<\/p>\n\n\n\n<figure class=\"wp-block-image size-large\"><img loading=\"lazy\" decoding=\"async\" width=\"1024\" height=\"576\" src=\"https:\/\/tvc16.com\/portal\/wp-content\/uploads\/2020\/12\/WhatsApp-Image-2020-12-04-at-09_07_35-1-1024x576.jpeg\" alt=\"\" class=\"wp-image-7479\" srcset=\"https:\/\/tvc16.com\/portal\/wp-content\/uploads\/2020\/12\/WhatsApp-Image-2020-12-04-at-09_07_35-1-1024x576.jpeg 1024w, https:\/\/tvc16.com\/portal\/wp-content\/uploads\/2020\/12\/WhatsApp-Image-2020-12-04-at-09_07_35-1-300x169.jpeg 300w, https:\/\/tvc16.com\/portal\/wp-content\/uploads\/2020\/12\/WhatsApp-Image-2020-12-04-at-09_07_35-1-768x432.jpeg 768w, https:\/\/tvc16.com\/portal\/wp-content\/uploads\/2020\/12\/WhatsApp-Image-2020-12-04-at-09_07_35-1.jpeg 1040w\" sizes=\"auto, (max-width: 1024px) 100vw, 1024px\" \/><figcaption>Higieniza\u00e7\u00e3o na Pra\u00e7a Dom Pedro <\/figcaption><\/figure>\n\n\n\n<p>\u201cVamos at\u00e9 o final deste ano manter as a\u00e7\u00f5es de combate a dissemina\u00e7\u00e3o do coronav\u00edrus em Petr\u00f3polis. Todas a popula\u00e7\u00e3o deve manter as a\u00e7\u00f5es de preven\u00e7\u00e3o tamb\u00e9m, como usar o \u00e1lcool em gel, lavar as m\u00e3os e manter o distanciamento social necess\u00e1rio, al\u00e9m de usar m\u00e1scara protetora sempre. Vamos vencer essa batalha\u201d, garante o prefeito Bernardo Rossi.<\/p>\n","protected":false},"excerpt":{"rendered":"<p>Em conjunto a testagem em massa, a prefeitura tamb\u00e9m realiza os servi\u00e7os de higieniza\u00e7\u00e3o e<\/p>\n","protected":false},"author":2,"featured_media":7480,"comment_status":"open","ping_status":"open","sticky":false,"template":"","format":"standard","meta":{"footnotes":""},"categories":[12],"tags":[],"class_list":["post-7477","post","type-post","status-publish","format-standard","has-post-thumbnail","hentry","category-cidade"],"_links":{"self":[{"href":"https:\/\/tvc16.com\/portal\/wp-json\/wp\/v2\/posts\/7477","targetHints":{"allow":["GET"]}}],"collection":[{"href":"https:\/\/tvc16.com\/portal\/wp-json\/wp\/v2\/posts"}],"about":[{"href":"https:\/\/tvc16.com\/portal\/wp-json\/wp\/v2\/types\/post"}],"author":[{"embeddable":true,"href":"https:\/\/tvc16.com\/portal\/wp-json\/wp\/v2\/users\/2"}],"replies":[{"embeddable":true,"href":"https:\/\/tvc16.com\/portal\/wp-json\/wp\/v2\/comments?post=7477"}],"version-history":[{"count":1,"href":"https:\/\/tvc16.com\/portal\/wp-json\/wp\/v2\/posts\/7477\/revisions"}],"predecessor-version":[{"id":7481,"href":"https:\/\/tvc16.com\/portal\/wp-json\/wp\/v2\/posts\/7477\/revisions\/7481"}],"wp:featuredmedia":[{"embeddable":true,"href":"https:\/\/tvc16.com\/portal\/wp-json\/wp\/v2\/media\/7480"}],"wp:attachment":[{"href":"https:\/\/tvc16.com\/portal\/wp-json\/wp\/v2\/media?parent=7477"}],"wp:term":[{"taxonomy":"category","embeddable":true,"href":"https:\/\/tvc16.com\/portal\/wp-json\/wp\/v2\/categories?post=7477"},{"taxonomy":"post_tag","embeddable":true,"href":"https:\/\/tvc16.com\/portal\/wp-json\/wp\/v2\/tags?post=7477"}],"curies":[{"name":"wp","href":"https:\/\/api.w.org\/{rel}","templated":true}]}}