{"id":7485,"date":"2020-12-05T09:08:36","date_gmt":"2020-12-05T12:08:36","guid":{"rendered":"https:\/\/tvc16.com\/portal\/?p=7485"},"modified":"2020-12-05T09:08:39","modified_gmt":"2020-12-05T12:08:39","slug":"defesa-civil-faz-inspecoes-nos-pontos-de-apoio-moradores-de-area-de-risco-devem-estar-atentos-aos-alertas-e-devem-fazer-uso-do-199-em-caso-de-emergencia","status":"publish","type":"post","link":"https:\/\/tvc16.com\/portal\/2020\/12\/05\/defesa-civil-faz-inspecoes-nos-pontos-de-apoio-moradores-de-area-de-risco-devem-estar-atentos-aos-alertas-e-devem-fazer-uso-do-199-em-caso-de-emergencia\/","title":{"rendered":"Defesa Civil faz inspe\u00e7\u00f5es nos pontos de apoio.  Moradores de \u00e1rea de risco devem estar atentos aos alertas, e devem fazer uso do 199, em caso de emerg\u00eancia"},"content":{"rendered":"\n<p><em>As visitas foram antecipadas para se adequarem ao calend\u00e1rio do Plano Ver\u00e3o de Petr\u00f3polis 2021<\/em><br><\/p>\n\n\n\n<p>A Secretaria de Defesa Civil e A\u00e7\u00f5es Volunt\u00e1rias deu in\u00edcio nesta sexta-feira (04) as inspe\u00e7\u00f5es nos pontos de apoio para atendimento \u00e0s v\u00edtimas das chuvas. As visitas t\u00eam como objetivo verificar se os locais est\u00e3o em condi\u00e7\u00f5es de abrigar aqueles que precisarem deixar suas casas por motivo de seguran\u00e7a. A A\u00e7\u00e3o faz parte do Plano Ver\u00e3o de Petr\u00f3polis 2021, que ser\u00e1 lan\u00e7ado oficialmente no pr\u00f3ximo dia 10.<\/p>\n\n\n\n<p>Nas visitas s\u00e3o verificadas as condi\u00e7\u00f5es dos dormit\u00f3rios tempor\u00e1rios, refeit\u00f3rios, banheiros, chuveiros e etc. Tamb\u00e9m s\u00e3o testados os sistemas de alerta e sirenes. Tudo para que no per\u00edodo mais cr\u00edtico de chuvas a popula\u00e7\u00e3o possa ser atendida com conforto e seguran\u00e7a.<\/p>\n\n\n\n<p>Hoje foram vistoriados quatro pontos de apoio. Na parte da manh\u00e3 o Secret\u00e1rio de Defesa Civil, Coronel Paulo Renato Vaz, esteve com sua equipe no Vale do Cuiaba e no Boa Esperan\u00e7a. A tarde as inspe\u00e7\u00f5es aconteceram na Rua 24 de Maio, no Centro, e na Rua Teresa, no Alto da Serra.<\/p>\n\n\n\n<p>O Cronograma segue na pr\u00f3xima segunda-feira (07), com visitas a mais quatro locais. Escola Municipal Rubens de Castro na Vila Felipe, Escola Municipal Ana Mohammad, no Sargento Boening, Escola Municipal Papa Jo\u00e3o Paulo II, no S\u00e3o Sebasti\u00e3o, e Escola Municipal Rosalina Nicolay, no Sim\u00e9ria.<\/p>\n\n\n\n<figure class=\"wp-block-image size-large\"><img loading=\"lazy\" decoding=\"async\" width=\"1024\" height=\"736\" src=\"https:\/\/tvc16.com\/portal\/wp-content\/uploads\/2020\/12\/20201205_090629-1024x736.jpg\" alt=\"\" class=\"wp-image-7490\" srcset=\"https:\/\/tvc16.com\/portal\/wp-content\/uploads\/2020\/12\/20201205_090629-1024x736.jpg 1024w, https:\/\/tvc16.com\/portal\/wp-content\/uploads\/2020\/12\/20201205_090629-300x216.jpg 300w, https:\/\/tvc16.com\/portal\/wp-content\/uploads\/2020\/12\/20201205_090629-768x552.jpg 768w, https:\/\/tvc16.com\/portal\/wp-content\/uploads\/2020\/12\/20201205_090629.jpg 1078w\" sizes=\"auto, (max-width: 1024px) 100vw, 1024px\" \/><\/figure>\n\n\n\n<p>Para o Coronel Paulo Renato Vaz, essas inspe\u00e7\u00f5es s\u00e3o importantes para garantir o atendimento necess\u00e1rio caso as pessoas v\u00edtimas de chuva precisem. \u201c\u00c9 uma situa\u00e7\u00e3o muito dif\u00edcil ter que deixar sua resid\u00eancia para n\u00e3o correr risco, s\u00e3o pessoas que passam por um momento delicado e merecem ser atendidas com a melhor estrutura poss\u00edvel, e garantir essa estrutura nos pontos de apoio \u00e9 papel da Defesa Civil e da Prefeitura de Petr\u00f3polis. \u00c9 isso que pede nosso prefeito Bernardo Rossi\u201d, afirmou o Coronel.<\/p>\n\n\n\n<p>A Defesa Civil informa que em casos de chuvas fortes e acionamento das sirenes, os moradores devem buscar imediatamente o ponto de apoio mais pr\u00f3ximo. O telefone 199 tamb\u00e9m fica dispon\u00edvel 24h para relatos de ocorr\u00eancias como deslizamentos e alagamentos.<\/p>\n","protected":false},"excerpt":{"rendered":"<p>As visitas foram antecipadas para se adequarem ao calend\u00e1rio do Plano Ver\u00e3o de Petr\u00f3polis 2021<\/p>\n","protected":false},"author":2,"featured_media":7492,"comment_status":"open","ping_status":"open","sticky":false,"template":"","format":"standard","meta":{"footnotes":""},"categories":[12],"tags":[],"class_list":["post-7485","post","type-post","status-publish","format-standard","has-post-thumbnail","hentry","category-cidade"],"_links":{"self":[{"href":"https:\/\/tvc16.com\/portal\/wp-json\/wp\/v2\/posts\/7485","targetHints":{"allow":["GET"]}}],"collection":[{"href":"https:\/\/tvc16.com\/portal\/wp-json\/wp\/v2\/posts"}],"about":[{"href":"https:\/\/tvc16.com\/portal\/wp-json\/wp\/v2\/types\/post"}],"author":[{"embeddable":true,"href":"https:\/\/tvc16.com\/portal\/wp-json\/wp\/v2\/users\/2"}],"replies":[{"embeddable":true,"href":"https:\/\/tvc16.com\/portal\/wp-json\/wp\/v2\/comments?post=7485"}],"version-history":[{"count":1,"href":"https:\/\/tvc16.com\/portal\/wp-json\/wp\/v2\/posts\/7485\/revisions"}],"predecessor-version":[{"id":7493,"href":"https:\/\/tvc16.com\/portal\/wp-json\/wp\/v2\/posts\/7485\/revisions\/7493"}],"wp:featuredmedia":[{"embeddable":true,"href":"https:\/\/tvc16.com\/portal\/wp-json\/wp\/v2\/media\/7492"}],"wp:attachment":[{"href":"https:\/\/tvc16.com\/portal\/wp-json\/wp\/v2\/media?parent=7485"}],"wp:term":[{"taxonomy":"category","embeddable":true,"href":"https:\/\/tvc16.com\/portal\/wp-json\/wp\/v2\/categories?post=7485"},{"taxonomy":"post_tag","embeddable":true,"href":"https:\/\/tvc16.com\/portal\/wp-json\/wp\/v2\/tags?post=7485"}],"curies":[{"name":"wp","href":"https:\/\/api.w.org\/{rel}","templated":true}]}}