{"id":7494,"date":"2020-12-05T09:20:39","date_gmt":"2020-12-05T12:20:39","guid":{"rendered":"https:\/\/tvc16.com\/portal\/?p=7494"},"modified":"2020-12-05T09:20:41","modified_gmt":"2020-12-05T12:20:41","slug":"devido-ao-alto-numero-de-idosos-no-municipio-prefeito-pede-prioridade-no-envio-das-doses-da-vacina-contra-a-covid-19","status":"publish","type":"post","link":"https:\/\/tvc16.com\/portal\/2020\/12\/05\/devido-ao-alto-numero-de-idosos-no-municipio-prefeito-pede-prioridade-no-envio-das-doses-da-vacina-contra-a-covid-19\/","title":{"rendered":"Devido ao alto n\u00famero de idosos no munic\u00edpio, prefeito pede prioridade no envio das doses da vacina contra a COVID-19"},"content":{"rendered":"\n<p><\/p>\n\n\n\n<p><em>Em of\u00edcio enviado ao governo federal, documento solicita especial aten\u00e7\u00e3o \u00e0 cidade de Petr\u00f3polis devido ao elevado n\u00famero de idosos no munic\u00edpio<\/em><\/p>\n\n\n\n<p>O prefeito Bernardo Rossi enviou, nesta sexta-feira (04\/12), um of\u00edcio ao Governo Federal pedindo especial aten\u00e7\u00e3o, por parte do Minist\u00e9rio da Sa\u00fade, no envio das doses da vacina contra o novo coronav\u00edrus \u00e0 cidade de Petr\u00f3polis. O documento apresenta dados que demonstram que o munic\u00edpio foi apontado como um dos melhores do pa\u00eds para envelhecer. Segundo n\u00fameros da Coordenadoria Municipal do Programa Sa\u00fade do Idoso, Petr\u00f3polis conta, hoje, com mais de 52 mil idosos, dos quais 180 com idade superior aos 100 anos. O of\u00edcio tomou como base, tamb\u00e9m, recentes relat\u00f3rios da Organiza\u00e7\u00e3o Mundial da Sa\u00fade (OMS), e do pr\u00f3prio Minist\u00e9rio da Sa\u00fade, afirmando que idosos costumam ser mais vulner\u00e1veis \u00e0s doen\u00e7as infectocontagiosas, sendo caracterizados, portanto, como grupo de risco.<\/p>\n\n\n\n<p>Na manh\u00e3 desta quinta-feira (03), o prefeito Bernardo Rossi j\u00e1 havia anunciado o in\u00edcio do planejamento para a vacina\u00e7\u00e3o no munic\u00edpio e a amplia\u00e7\u00e3o das medidas de combate \u00e0 COVID-19. As a\u00e7\u00f5es t\u00eam como objetivo manter a cidade segura e diminuir os recentes \u00edndices de interna\u00e7\u00e3o provocados pela doen\u00e7a. Na tarde desta quinta-feira, mais cadeiras foram colocadas nos pontos de apoio do Centro e Itaipava. Al\u00e9m disso, ambos os pontos j\u00e1 contam com mais tendas para melhor acolher ao elevado n\u00famero de pessoas que buscam aux\u00edlio. Al\u00e9m da amplia\u00e7\u00e3o da testagem em massa em pontos fixos e de casa em casa, exames de PCR (SWAB) poder\u00e3o ser realizados em mais quatro unidades de sa\u00fade j\u00e1 na pr\u00f3xima semana: Itamarati, Pedro do Rio, Quitandinha e Retiro.<\/p>\n\n\n\n<p>A prefeitura ampliou, ainda, as a\u00e7\u00f5es de conscientiza\u00e7\u00e3o da popula\u00e7\u00e3o atrav\u00e9s de carros de som em ruas e bairros da cidade. A\u00e7\u00f5es de desinfec\u00e7\u00e3o de ruas e locais p\u00fablicos tamb\u00e9m ser\u00e3o estendidas a todos os pontos de grande circula\u00e7\u00e3o de pessoas no munic\u00edpio. Nas garagens, \u00f4nibus est\u00e3o sendo rigorosamente higienizados pelas equipes de sa\u00fade. Nesta sexta-feira (04\/12) ser\u00e3o intensificadas, tamb\u00e9m, as a\u00e7\u00f5es de fiscaliza\u00e7\u00e3o da SSOP, Vigil\u00e2ncia Sanit\u00e1ria e Procon contra as constantes aglomera\u00e7\u00f5es no Centro da cidade.<\/p>\n\n\n\n<p><\/p>\n","protected":false},"excerpt":{"rendered":"<p>Em of\u00edcio enviado ao governo federal, documento solicita especial aten\u00e7\u00e3o \u00e0 cidade de Petr\u00f3polis devido<\/p>\n","protected":false},"author":2,"featured_media":7495,"comment_status":"open","ping_status":"open","sticky":false,"template":"","format":"standard","meta":{"footnotes":""},"categories":[12],"tags":[],"class_list":["post-7494","post","type-post","status-publish","format-standard","has-post-thumbnail","hentry","category-cidade"],"_links":{"self":[{"href":"https:\/\/tvc16.com\/portal\/wp-json\/wp\/v2\/posts\/7494","targetHints":{"allow":["GET"]}}],"collection":[{"href":"https:\/\/tvc16.com\/portal\/wp-json\/wp\/v2\/posts"}],"about":[{"href":"https:\/\/tvc16.com\/portal\/wp-json\/wp\/v2\/types\/post"}],"author":[{"embeddable":true,"href":"https:\/\/tvc16.com\/portal\/wp-json\/wp\/v2\/users\/2"}],"replies":[{"embeddable":true,"href":"https:\/\/tvc16.com\/portal\/wp-json\/wp\/v2\/comments?post=7494"}],"version-history":[{"count":1,"href":"https:\/\/tvc16.com\/portal\/wp-json\/wp\/v2\/posts\/7494\/revisions"}],"predecessor-version":[{"id":7496,"href":"https:\/\/tvc16.com\/portal\/wp-json\/wp\/v2\/posts\/7494\/revisions\/7496"}],"wp:featuredmedia":[{"embeddable":true,"href":"https:\/\/tvc16.com\/portal\/wp-json\/wp\/v2\/media\/7495"}],"wp:attachment":[{"href":"https:\/\/tvc16.com\/portal\/wp-json\/wp\/v2\/media?parent=7494"}],"wp:term":[{"taxonomy":"category","embeddable":true,"href":"https:\/\/tvc16.com\/portal\/wp-json\/wp\/v2\/categories?post=7494"},{"taxonomy":"post_tag","embeddable":true,"href":"https:\/\/tvc16.com\/portal\/wp-json\/wp\/v2\/tags?post=7494"}],"curies":[{"name":"wp","href":"https:\/\/api.w.org\/{rel}","templated":true}]}}