{"id":7497,"date":"2020-12-05T09:27:43","date_gmt":"2020-12-05T12:27:43","guid":{"rendered":"https:\/\/tvc16.com\/portal\/?p=7497"},"modified":"2020-12-05T09:27:45","modified_gmt":"2020-12-05T12:27:45","slug":"rua-teresa-aposta-em-palavras-de-otimismo-para-motivar-o-clima-natalino-neste-ano-tao-dificil-para-todos","status":"publish","type":"post","link":"https:\/\/tvc16.com\/portal\/2020\/12\/05\/rua-teresa-aposta-em-palavras-de-otimismo-para-motivar-o-clima-natalino-neste-ano-tao-dificil-para-todos\/","title":{"rendered":"Rua Teresa aposta em palavras de otimismo, para motivar o clima natalino, neste ano t\u00e3o dif\u00edcil para todos"},"content":{"rendered":"\n<p><strong>Em dezembro lojas tem hor\u00e1rio de funcionamento diferenciado<\/strong><\/p>\n\n\n\n<p>Este ano a&nbsp;<strong>Rua Teresa<\/strong>&nbsp;investiu em uma decora\u00e7\u00e3o de Natal cheia de significados. Ao longo da&nbsp;<em>Rua<\/em>&nbsp;foram instaladas placas com palavras que exteriorizam os nossos desejos para o pr\u00f3ximo ano. Paz, respeito, amor e sa\u00fade s\u00e3o alguns dos sentimentos que queremos que nossos colaboradores e clientes compartilhem muito no pr\u00f3ximo ano.<\/p>\n\n\n\n<p>\u201cEste foi um ano cheio de desafios para todos. Muitas fam\u00edlias foram afetadas pela pandemia, seja perdendo um familiar querido, ou perdendo o emprego, ou ainda perdendo diversas outras oportunidades de vida. Mas o que desejamos \u00e9 que o pr\u00f3ximo ano seja um ano de prosperidade. E por isso nossa decora\u00e7\u00e3o trouxe um momento de reflex\u00e3o atrav\u00e9s das palavras. Que nossa caminhada seja como a Rua est\u00e1 hoje: envolta de bons sentimentos e cercada de belas palavras que emanam positividade\u201d, reflete Denise Fiorini, presidente da Associa\u00e7\u00e3o da Rua Teresa (ARTE).<\/p>\n\n\n\n<figure class=\"wp-block-image size-large is-style-rounded\"><img loading=\"lazy\" decoding=\"async\" width=\"1024\" height=\"498\" src=\"https:\/\/tvc16.com\/portal\/wp-content\/uploads\/2020\/12\/Os-centros-comerciais-da-Rua-Teresa-estao-no-clima-do-Natal-1024x498.jpg\" alt=\"\" class=\"wp-image-7498\" srcset=\"https:\/\/tvc16.com\/portal\/wp-content\/uploads\/2020\/12\/Os-centros-comerciais-da-Rua-Teresa-estao-no-clima-do-Natal-1024x498.jpg 1024w, https:\/\/tvc16.com\/portal\/wp-content\/uploads\/2020\/12\/Os-centros-comerciais-da-Rua-Teresa-estao-no-clima-do-Natal-300x146.jpg 300w, https:\/\/tvc16.com\/portal\/wp-content\/uploads\/2020\/12\/Os-centros-comerciais-da-Rua-Teresa-estao-no-clima-do-Natal-768x373.jpg 768w, https:\/\/tvc16.com\/portal\/wp-content\/uploads\/2020\/12\/Os-centros-comerciais-da-Rua-Teresa-estao-no-clima-do-Natal.jpg 1280w\" sizes=\"auto, (max-width: 1024px) 100vw, 1024px\" \/><figcaption>Clima natalino tamb\u00e9m nas galerias <\/figcaption><\/figure>\n\n\n\n<p>Al\u00e9m das placas decorativas, em alguns pontos da\u00a0<em>Rua<\/em>\u00a0foram instalados pain\u00e9is com metas de vida para que os clientes interajam com o enfeite e tirem fotos com as palavras que mais os inspirem.<\/p>\n\n\n\n<figure class=\"wp-block-image size-large is-style-rounded\"><img loading=\"lazy\" decoding=\"async\" width=\"1024\" height=\"498\" src=\"https:\/\/tvc16.com\/portal\/wp-content\/uploads\/2020\/12\/Qual-a-sua-meta-para-2021-1024x498.jpg\" alt=\"\" class=\"wp-image-7499\" srcset=\"https:\/\/tvc16.com\/portal\/wp-content\/uploads\/2020\/12\/Qual-a-sua-meta-para-2021-1024x498.jpg 1024w, https:\/\/tvc16.com\/portal\/wp-content\/uploads\/2020\/12\/Qual-a-sua-meta-para-2021-300x146.jpg 300w, https:\/\/tvc16.com\/portal\/wp-content\/uploads\/2020\/12\/Qual-a-sua-meta-para-2021-768x373.jpg 768w, https:\/\/tvc16.com\/portal\/wp-content\/uploads\/2020\/12\/Qual-a-sua-meta-para-2021.jpg 1280w\" sizes=\"auto, (max-width: 1024px) 100vw, 1024px\" \/><figcaption>A inten\u00e7\u00e3o \u00e9 fazer com que as pessoas fa\u00e7am planos para o pr\u00f3ximo ano <\/figcaption><\/figure>\n\n\n\n<p>\u201cEste ano fizemos uma decora\u00e7\u00e3o simples, por\u00e9m com a inten\u00e7\u00e3o de passarmos mensagens de positividade para esse momento que estamos vivendo. Nos unimos e cada empres\u00e1rio contribuiu de uma maneira. Alguns fizeram sua pr\u00f3pria decora\u00e7\u00e3o e assim ajudaram a Rua a entrar no clima natalino\u201d, explica Danielly Martinho Tobler, empres\u00e1ria da Rua respons\u00e1vel pela decora\u00e7\u00e3o deste ano.<\/p>\n\n\n\n<p><strong>Hor\u00e1rios de funcionamento em dezembro<\/strong><\/p>\n\n\n\n<p>Todos os anos em dezembro, as marcas da&nbsp;<strong>Rua Teresa<\/strong>&nbsp;trabalham com hor\u00e1rios diferenciados para atender o aumento da demanda com as festas de fim de ano. Normalmente \u00e0s segundas-feiras, as lojas aderem \u00e0 Semana Inglesa, mas em dezembro os lojistas tem autoriza\u00e7\u00e3o para funcionar em hor\u00e1rio normal, de 9h \u00e0s 18h.<\/p>\n\n\n\n<p>Vale lembrar que aos domingos as lojas tamb\u00e9m podem funcionar. O hor\u00e1rio praticado \u00e9 definido pelo lojista. A maioria opta por trabalhar entre 10h e 16h, mas \u00e9 importante consultar sua marca preferida para conferir o hor\u00e1rio.<\/p>\n\n\n\n<p>As lojas da&nbsp;<strong>Rua Teresa<\/strong>&nbsp;seguem os protocolos de atendimento determinados pelos \u00f3rg\u00e3os de sa\u00fade, com a utiliza\u00e7\u00e3o de \u00e1lcool em gel para higieniza\u00e7\u00e3o das m\u00e3os de clientes e colaboradores, limpeza refor\u00e7ada das lojas, atendimento com m\u00e1scaras de prote\u00e7\u00e3o e controle de acesso aos estabelecimentos.<\/p>\n\n\n\n<p>No Instagram @ruateresaoficial voc\u00ea encontra mais informa\u00e7\u00f5es sobre as marcas e funcionamento da Rua Teresa.<\/p>\n","protected":false},"excerpt":{"rendered":"<p>Em dezembro lojas tem hor\u00e1rio de funcionamento diferenciado Este ano a&nbsp;Rua Teresa&nbsp;investiu em uma decora\u00e7\u00e3o<\/p>\n","protected":false},"author":2,"featured_media":7500,"comment_status":"open","ping_status":"open","sticky":false,"template":"","format":"standard","meta":{"footnotes":""},"categories":[12],"tags":[],"class_list":["post-7497","post","type-post","status-publish","format-standard","has-post-thumbnail","hentry","category-cidade"],"_links":{"self":[{"href":"https:\/\/tvc16.com\/portal\/wp-json\/wp\/v2\/posts\/7497","targetHints":{"allow":["GET"]}}],"collection":[{"href":"https:\/\/tvc16.com\/portal\/wp-json\/wp\/v2\/posts"}],"about":[{"href":"https:\/\/tvc16.com\/portal\/wp-json\/wp\/v2\/types\/post"}],"author":[{"embeddable":true,"href":"https:\/\/tvc16.com\/portal\/wp-json\/wp\/v2\/users\/2"}],"replies":[{"embeddable":true,"href":"https:\/\/tvc16.com\/portal\/wp-json\/wp\/v2\/comments?post=7497"}],"version-history":[{"count":1,"href":"https:\/\/tvc16.com\/portal\/wp-json\/wp\/v2\/posts\/7497\/revisions"}],"predecessor-version":[{"id":7501,"href":"https:\/\/tvc16.com\/portal\/wp-json\/wp\/v2\/posts\/7497\/revisions\/7501"}],"wp:featuredmedia":[{"embeddable":true,"href":"https:\/\/tvc16.com\/portal\/wp-json\/wp\/v2\/media\/7500"}],"wp:attachment":[{"href":"https:\/\/tvc16.com\/portal\/wp-json\/wp\/v2\/media?parent=7497"}],"wp:term":[{"taxonomy":"category","embeddable":true,"href":"https:\/\/tvc16.com\/portal\/wp-json\/wp\/v2\/categories?post=7497"},{"taxonomy":"post_tag","embeddable":true,"href":"https:\/\/tvc16.com\/portal\/wp-json\/wp\/v2\/tags?post=7497"}],"curies":[{"name":"wp","href":"https:\/\/api.w.org\/{rel}","templated":true}]}}