{"id":7502,"date":"2020-12-05T09:42:20","date_gmt":"2020-12-05T12:42:20","guid":{"rendered":"https:\/\/tvc16.com\/portal\/?p=7502"},"modified":"2020-12-05T09:42:22","modified_gmt":"2020-12-05T12:42:22","slug":"bernardo-rossi-desmente-e-alerta-sobre-fake-news-que-fala-de-fechamento-do-comercio-no-municipio","status":"publish","type":"post","link":"https:\/\/tvc16.com\/portal\/2020\/12\/05\/bernardo-rossi-desmente-e-alerta-sobre-fake-news-que-fala-de-fechamento-do-comercio-no-municipio\/","title":{"rendered":"Bernardo Rossi desmente e alerta sobre fake news que fala de fechamento do com\u00e9rcio no munic\u00edpio"},"content":{"rendered":"\n<p>Circula nas redes sociais um v\u00eddeo antigo que fala sobre fechamento do com\u00e9rcio em Petr\u00f3polis <\/p>\n\n\n\n<p>Na manh\u00e3 desta sexta-feira (04), o prefeito Bernardo Rossi se pronunciou atrav\u00e9s de suas redes sociais para desmentir nova fake news. Segundo a not\u00edcia falsa, a prefeitura decretaria o fechamento total do com\u00e9rcio j\u00e1 a partir da pr\u00f3xima segunda-feira devido ao aumento do n\u00famero de casos suspeitos e confirmados da COVID-19 na cidade. Em v\u00eddeo, o prefeito afirmou se tratar de decis\u00f5es que haviam sido tomadas ainda no in\u00edcio da pandemia com o objetivo de proteger a cidade.<\/p>\n\n\n\n<p>\u201cJ\u00e1 perdi a no\u00e7\u00e3o de quantas vezes precisei desmentir as fake news. Novamente est\u00e3o usando um v\u00eddeo antigo, do in\u00edcio da pandemia, com a not\u00edcia sobre o fechamento do com\u00e9rcio. Quero dizer que esse v\u00eddeo \u00e9 mentira. Foram medidas tomadas no in\u00edcio da pandemia para proteger a cidade e que n\u00e3o fazem parte do atual cen\u00e1rio de Petr\u00f3polis. Voc\u00eas t\u00eam acompanhado todas as a\u00e7\u00f5es que temos realizado para proteger a cidade. \u00c9 muita covardia espalhar uma not\u00edcia mentirosa a respeito do fechamento do com\u00e9rcio, principalmente com a proximidade do Natal neste m\u00eas de dezembro. Fake news \u00e9 crime\u201d, afirmou o prefeito.<\/p>\n","protected":false},"excerpt":{"rendered":"<p>Circula nas redes sociais um v\u00eddeo antigo que fala sobre fechamento do com\u00e9rcio em Petr\u00f3polis<\/p>\n","protected":false},"author":2,"featured_media":7503,"comment_status":"open","ping_status":"open","sticky":false,"template":"","format":"standard","meta":{"footnotes":""},"categories":[12],"tags":[],"class_list":["post-7502","post","type-post","status-publish","format-standard","has-post-thumbnail","hentry","category-cidade"],"_links":{"self":[{"href":"https:\/\/tvc16.com\/portal\/wp-json\/wp\/v2\/posts\/7502","targetHints":{"allow":["GET"]}}],"collection":[{"href":"https:\/\/tvc16.com\/portal\/wp-json\/wp\/v2\/posts"}],"about":[{"href":"https:\/\/tvc16.com\/portal\/wp-json\/wp\/v2\/types\/post"}],"author":[{"embeddable":true,"href":"https:\/\/tvc16.com\/portal\/wp-json\/wp\/v2\/users\/2"}],"replies":[{"embeddable":true,"href":"https:\/\/tvc16.com\/portal\/wp-json\/wp\/v2\/comments?post=7502"}],"version-history":[{"count":1,"href":"https:\/\/tvc16.com\/portal\/wp-json\/wp\/v2\/posts\/7502\/revisions"}],"predecessor-version":[{"id":7504,"href":"https:\/\/tvc16.com\/portal\/wp-json\/wp\/v2\/posts\/7502\/revisions\/7504"}],"wp:featuredmedia":[{"embeddable":true,"href":"https:\/\/tvc16.com\/portal\/wp-json\/wp\/v2\/media\/7503"}],"wp:attachment":[{"href":"https:\/\/tvc16.com\/portal\/wp-json\/wp\/v2\/media?parent=7502"}],"wp:term":[{"taxonomy":"category","embeddable":true,"href":"https:\/\/tvc16.com\/portal\/wp-json\/wp\/v2\/categories?post=7502"},{"taxonomy":"post_tag","embeddable":true,"href":"https:\/\/tvc16.com\/portal\/wp-json\/wp\/v2\/tags?post=7502"}],"curies":[{"name":"wp","href":"https:\/\/api.w.org\/{rel}","templated":true}]}}