{"id":7507,"date":"2020-12-05T13:27:16","date_gmt":"2020-12-05T16:27:16","guid":{"rendered":"https:\/\/tvc16.com\/portal\/?p=7507"},"modified":"2020-12-05T13:27:18","modified_gmt":"2020-12-05T16:27:18","slug":"na-noite-de-sexta-feira-04-a-prefeitura-promoveu-mais-uma-operacao-choque-de-ordem-na-rua-13-de-maio-e-na-praca-pasteur","status":"publish","type":"post","link":"https:\/\/tvc16.com\/portal\/2020\/12\/05\/na-noite-de-sexta-feira-04-a-prefeitura-promoveu-mais-uma-operacao-choque-de-ordem-na-rua-13-de-maio-e-na-praca-pasteur\/","title":{"rendered":"Na noite de sexta-feira (04) a prefeitura promoveu mais uma Opera\u00e7\u00e3o &#8211; Choque de Ordem &#8211; na Rua 13 de Maio e na Pra\u00e7a Pasteur"},"content":{"rendered":"\n<p><\/p>\n\n\n\n<p>Equipes de fiscaliza\u00e7\u00e3o da Secretaria de Servi\u00e7os, Seguran\u00e7a e Ordem P\u00fablica (SSOP), Posturas, Vigil\u00e2ncia Sanit\u00e1ria, al\u00e9m da Guarda Civil e Pol\u00edcia Militar abordaram frequentadores dos bares e restaurantes da Rua 13 de Maio, do Centro e no bairro Castel\u00e2nea (Pra\u00e7a Pasteur). Um carro de som tamb\u00e9m auxiliou o trabalho das equipes, com um \u00e1udio gravado com instru\u00e7\u00f5es sobre o uso de m\u00e1scara, \u00e1lcool em gel e para manter o distanciamento social, evitando aglomera\u00e7\u00f5es desnecess\u00e1rias.<\/p>\n\n\n\n<figure class=\"wp-block-image size-large\"><img loading=\"lazy\" decoding=\"async\" width=\"1024\" height=\"573\" src=\"https:\/\/tvc16.com\/portal\/wp-content\/uploads\/2020\/12\/Choque-de-Ordem-5-1024x573.jpeg\" alt=\"\" class=\"wp-image-7508\" srcset=\"https:\/\/tvc16.com\/portal\/wp-content\/uploads\/2020\/12\/Choque-de-Ordem-5-1024x573.jpeg 1024w, https:\/\/tvc16.com\/portal\/wp-content\/uploads\/2020\/12\/Choque-de-Ordem-5-300x168.jpeg 300w, https:\/\/tvc16.com\/portal\/wp-content\/uploads\/2020\/12\/Choque-de-Ordem-5-768x430.jpeg 768w, https:\/\/tvc16.com\/portal\/wp-content\/uploads\/2020\/12\/Choque-de-Ordem-5.jpeg 1280w\" sizes=\"auto, (max-width: 1024px) 100vw, 1024px\" \/><figcaption>Opera\u00e7\u00e3o Choque de Ordem na rua 13 de Maio<\/figcaption><\/figure>\n\n\n\n<p><br>\u201cVamos manter todas as a\u00e7\u00f5es que programamos ao longo do ano para podermos combater a dissemina\u00e7\u00e3o do coronav\u00edrus na cidade. Tamb\u00e9m conto com a compreens\u00e3o das pessoas na preven\u00e7\u00e3o, evitando aglomera\u00e7\u00f5es. Estamos na luta at\u00e9 o \u00faltimo dia deste ano\u201d, afirmou o prefeito Bernardo Rossi.<br>A quantidade de pessoas na Rua 13 de Maio esteve alta nesta sexta-feira. As equipes orientaram os estabelecimentos e as pessoas que estavam nas ruas sobre as regras que pro\u00edbem as aglomera\u00e7\u00f5es e tamb\u00e9m refor\u00e7aram a obrigatoriedade do uso de m\u00e1scaras. Tamb\u00e9m foram observados se os estabelecimentos est\u00e3o respeitando as determina\u00e7\u00f5es de distanciamento. Todos os estabelecimentos encerraram as atividades no hor\u00e1rio previsto em decreto e nenhum foi autuado. Al\u00e9m da Rua 13 de Maio, as equipes tamb\u00e9m percorreram outros locais do Centro, como a Pra\u00e7a da Liberdade, al\u00e9m da Pra\u00e7a Pasteur, no bairro Castel\u00e2nea.<\/p>\n\n\n\n<figure class=\"wp-block-image size-large\"><img loading=\"lazy\" decoding=\"async\" width=\"1024\" height=\"573\" src=\"https:\/\/tvc16.com\/portal\/wp-content\/uploads\/2020\/12\/Choque-de-Ordem-2-1024x573.jpeg\" alt=\"\" class=\"wp-image-7509\" srcset=\"https:\/\/tvc16.com\/portal\/wp-content\/uploads\/2020\/12\/Choque-de-Ordem-2-1024x573.jpeg 1024w, https:\/\/tvc16.com\/portal\/wp-content\/uploads\/2020\/12\/Choque-de-Ordem-2-300x168.jpeg 300w, https:\/\/tvc16.com\/portal\/wp-content\/uploads\/2020\/12\/Choque-de-Ordem-2-768x430.jpeg 768w, https:\/\/tvc16.com\/portal\/wp-content\/uploads\/2020\/12\/Choque-de-Ordem-2.jpeg 1280w\" sizes=\"auto, (max-width: 1024px) 100vw, 1024px\" \/><figcaption>Fiscais da Opera\u00e7\u00e3o Choque de Ordem na Rua 13 de Maio<\/figcaption><\/figure>\n\n\n\n<p><br>A prefeitura refor\u00e7a a import\u00e2ncia de cada pessoa continuar se prevenindo para que a doen\u00e7a continue sendo controlada em Petr\u00f3polis, isso inclui o uso de m\u00e1scaras, sair de casa s\u00f3 em caso de necessidade e manter o distanciamento. Por isso \u00e9 fundamental o empenho dos petropolitanos na sa\u00fade pr\u00f3pria e de todas, principalmente em um momento em que cidades pr\u00f3ximas est\u00e3o enfrentando dificuldade com o aumento de casos, como Juiz de Fora, Mag\u00e9 e Teres\u00f3polis.<\/p>\n","protected":false},"excerpt":{"rendered":"<p>Equipes de fiscaliza\u00e7\u00e3o da Secretaria de Servi\u00e7os, Seguran\u00e7a e Ordem P\u00fablica (SSOP), Posturas, Vigil\u00e2ncia Sanit\u00e1ria,<\/p>\n","protected":false},"author":2,"featured_media":7510,"comment_status":"open","ping_status":"open","sticky":false,"template":"","format":"standard","meta":{"footnotes":""},"categories":[12],"tags":[],"class_list":["post-7507","post","type-post","status-publish","format-standard","has-post-thumbnail","hentry","category-cidade"],"_links":{"self":[{"href":"https:\/\/tvc16.com\/portal\/wp-json\/wp\/v2\/posts\/7507","targetHints":{"allow":["GET"]}}],"collection":[{"href":"https:\/\/tvc16.com\/portal\/wp-json\/wp\/v2\/posts"}],"about":[{"href":"https:\/\/tvc16.com\/portal\/wp-json\/wp\/v2\/types\/post"}],"author":[{"embeddable":true,"href":"https:\/\/tvc16.com\/portal\/wp-json\/wp\/v2\/users\/2"}],"replies":[{"embeddable":true,"href":"https:\/\/tvc16.com\/portal\/wp-json\/wp\/v2\/comments?post=7507"}],"version-history":[{"count":1,"href":"https:\/\/tvc16.com\/portal\/wp-json\/wp\/v2\/posts\/7507\/revisions"}],"predecessor-version":[{"id":7511,"href":"https:\/\/tvc16.com\/portal\/wp-json\/wp\/v2\/posts\/7507\/revisions\/7511"}],"wp:featuredmedia":[{"embeddable":true,"href":"https:\/\/tvc16.com\/portal\/wp-json\/wp\/v2\/media\/7510"}],"wp:attachment":[{"href":"https:\/\/tvc16.com\/portal\/wp-json\/wp\/v2\/media?parent=7507"}],"wp:term":[{"taxonomy":"category","embeddable":true,"href":"https:\/\/tvc16.com\/portal\/wp-json\/wp\/v2\/categories?post=7507"},{"taxonomy":"post_tag","embeddable":true,"href":"https:\/\/tvc16.com\/portal\/wp-json\/wp\/v2\/tags?post=7507"}],"curies":[{"name":"wp","href":"https:\/\/api.w.org\/{rel}","templated":true}]}}