{"id":7515,"date":"2020-12-05T13:32:43","date_gmt":"2020-12-05T16:32:43","guid":{"rendered":"https:\/\/tvc16.com\/portal\/?p=7515"},"modified":"2020-12-05T13:32:45","modified_gmt":"2020-12-05T16:32:45","slug":"rio-de-janeiro-cerca-de-64-de-consumidores-temem-perder-os-empregos-nos-proximos-tres-meses","status":"publish","type":"post","link":"https:\/\/tvc16.com\/portal\/2020\/12\/05\/rio-de-janeiro-cerca-de-64-de-consumidores-temem-perder-os-empregos-nos-proximos-tres-meses\/","title":{"rendered":"Rio de Janeiro: cerca de 64% de consumidores temem perder os empregos nos pr\u00f3ximos tr\u00eas meses"},"content":{"rendered":"\n<p>O levantamento do Instituto Fecom\u00e9rcio de Pesquisas e An\u00e1lises entrevistou 505 pessoas<\/p>\n\n\n\n<p>Novo levantamento do<a href=\"http:\/\/http:\/\/www.fecomercio-rj.org.br\/noticias\/646-dos-fluminenses-tem-algum-receio-de-perder-o-emprego-aponta-estudo-do-ifec-rj\"> Instituto Fecom\u00e9rcio de Pesquisas e An\u00e1lises do Rio de Janeiro<\/a> mostra aumento no percentual de cidad\u00e3os que est\u00e3o, de alguma forma, com medo de perder o emprego nos pr\u00f3ximos tr\u00eas meses.&nbsp;<\/p>\n\n\n\n<p>O balan\u00e7o entrevistou 505 consumidores e constatou que para 64,6%, esse temor esta mais evidente. No comparativo com a \u00faltima sondagem, realizada em outubro, h\u00e1 um acr\u00e9scimo de cinco pontos percentuais.<\/p>\n\n\n\n<p>O \u00edndice que captura as expectativas para o periodo caiu de 102,2 pontos em outubro para 95,6 pontos em novembro. Por outro lado, a confian\u00e7a na economia do Rio de Janeiro para os pr\u00f3ximos tr\u00eas meses aumentou. Em outubro, o \u00edndice marcou 80,4 pontos enquanto que em novembro o \u00edndice subiu para 82 pontos. &nbsp;&nbsp;<\/p>\n\n\n\n<p>O indicador que mede os gastos com bens dur\u00e1veis para os pr\u00f3ximos tr\u00eas meses aumentou em novembro, talvez influenciado pela Black Friday e pelo Natal. Em outubro, o indicador marcou 109 pontos enquanto que em novembro o indicador havia subido para 112,6 pontos. &nbsp;<br>&nbsp;<\/p>\n\n\n\n<p>Fonte: <a href=\"https:\/\/brasil61.com\/noticias\/rio-de-janeiro-cerca-de-64-de-consumidores-temem-perder-os-empregos-nos-proximos-tres-meses-bras202908?email=bethdeoliveira@yahoo.com.br&amp;utm_source=newsletter&amp;utm_medium=newsletter&amp;utm_campaign=newsletter\" target=\"_blank\" rel=\"noreferrer noopener\">Brasil 61<\/a><\/p>\n","protected":false},"excerpt":{"rendered":"<p>O levantamento do Instituto Fecom\u00e9rcio de Pesquisas e An\u00e1lises entrevistou 505 pessoas Novo levantamento do<\/p>\n","protected":false},"author":2,"featured_media":7516,"comment_status":"open","ping_status":"open","sticky":false,"template":"","format":"standard","meta":{"footnotes":""},"categories":[18],"tags":[],"class_list":["post-7515","post","type-post","status-publish","format-standard","has-post-thumbnail","hentry","category-economia"],"_links":{"self":[{"href":"https:\/\/tvc16.com\/portal\/wp-json\/wp\/v2\/posts\/7515","targetHints":{"allow":["GET"]}}],"collection":[{"href":"https:\/\/tvc16.com\/portal\/wp-json\/wp\/v2\/posts"}],"about":[{"href":"https:\/\/tvc16.com\/portal\/wp-json\/wp\/v2\/types\/post"}],"author":[{"embeddable":true,"href":"https:\/\/tvc16.com\/portal\/wp-json\/wp\/v2\/users\/2"}],"replies":[{"embeddable":true,"href":"https:\/\/tvc16.com\/portal\/wp-json\/wp\/v2\/comments?post=7515"}],"version-history":[{"count":1,"href":"https:\/\/tvc16.com\/portal\/wp-json\/wp\/v2\/posts\/7515\/revisions"}],"predecessor-version":[{"id":7517,"href":"https:\/\/tvc16.com\/portal\/wp-json\/wp\/v2\/posts\/7515\/revisions\/7517"}],"wp:featuredmedia":[{"embeddable":true,"href":"https:\/\/tvc16.com\/portal\/wp-json\/wp\/v2\/media\/7516"}],"wp:attachment":[{"href":"https:\/\/tvc16.com\/portal\/wp-json\/wp\/v2\/media?parent=7515"}],"wp:term":[{"taxonomy":"category","embeddable":true,"href":"https:\/\/tvc16.com\/portal\/wp-json\/wp\/v2\/categories?post=7515"},{"taxonomy":"post_tag","embeddable":true,"href":"https:\/\/tvc16.com\/portal\/wp-json\/wp\/v2\/tags?post=7515"}],"curies":[{"name":"wp","href":"https:\/\/api.w.org\/{rel}","templated":true}]}}