{"id":7518,"date":"2020-12-05T13:40:56","date_gmt":"2020-12-05T16:40:56","guid":{"rendered":"https:\/\/tvc16.com\/portal\/?p=7518"},"modified":"2020-12-05T13:41:49","modified_gmt":"2020-12-05T16:41:49","slug":"encceja-2020-vai-receber-justificativas-de-ausencia-em-2019-para-quem-quiser-fazer-as-provas","status":"publish","type":"post","link":"https:\/\/tvc16.com\/portal\/2020\/12\/05\/encceja-2020-vai-receber-justificativas-de-ausencia-em-2019-para-quem-quiser-fazer-as-provas\/","title":{"rendered":"Encceja 2020 vai receber justificativas de aus\u00eancia em 2019 para quem quiser fazer as provas"},"content":{"rendered":"\n<p>A participa\u00e7\u00e3o no exame \u00e9 volunt\u00e1ria, gratuita e destinada a jovens e adultos que n\u00e3o conclu\u00edram seus estudos na idade apropriada para cada etapa de ensino<\/p>\n\n\n\n<p>Pessoas que t\u00eam interesse em participar do <strong><a href=\"http:\/\/download.inep.gov.br\/educacao_basica\/encceja\/legistacao\/nacional\/2020\/edital_n101_23112020.pdf\">Exame Nacional para Certifica\u00e7\u00e3o de Compet\u00eancias de Jovens e Adultos (Encceja) 2020<\/a><\/strong> devem justificar as aus\u00eancias na edi\u00e7\u00e3o de 2019 para poderem realizar a prova. O procedimento \u00e9 obrigat\u00f3rio aos inscritos do Encceja Nacional 2019 que n\u00e3o participaram do exame em todas as \u00e1reas do conhecimento nas quais se inscreveram.<\/p>\n\n\n\n<p>A participa\u00e7\u00e3o no exame \u00e9 volunt\u00e1ria, gratuita e destinada a jovens e adultos que n\u00e3o conclu\u00edram seus estudos na idade apropriada para cada etapa de ensino, desde que tenham, no m\u00ednimo, 15 anos completos para o ensino fundamental e, no m\u00ednimo, 18 anos completos no caso do ensino m\u00e9dio, na data de realiza\u00e7\u00e3o do exame. A aplica\u00e7\u00e3o para o ensino fundamental e m\u00e9dio ser\u00e1 no dia 25 de abril de 2021 e ocorrer\u00e1 em todos os estados e no Distrito Federal.<\/p>\n\n\n\n<p><strong><a href=\"https:\/\/brasil61.com\/noticias\/prefeituras-tem-gastado-mais-com-acoes-para-contencao-da-covid-19-bras202890\">Prefeituras t\u00eam gastado mais com a\u00e7\u00f5es para conten\u00e7\u00e3o da Covid-19<\/a><\/strong><\/p>\n\n\n\n<p><a href=\"https:\/\/brasil61.com\/noticias\/cresce-participacao-de-mulheres-do-campo-no-paa-bras202874\"><strong>Cresce participa\u00e7\u00e3o de mulheres do campo no PAA<\/strong><\/a><\/p>\n\n\n\n<p>As justificativas de aus\u00eancia devem ser formalizadas pelo Sistema Encceja, entre no per\u00edodo de 14 a 20 de dezembro, e ser\u00e3o analisadas pelo Instituto Nacional de Estudos e Pesquisas Educacionais An\u00edsio Teixeira (Inep), respons\u00e1vel pela aplica\u00e7\u00e3o do exame.&nbsp;<\/p>\n\n\n\n<p>Fonte: <a href=\"https:\/\/brasil61.com\/noticias\/encceja-2020-vai-receber-justificativas-de-ausencia-em-2019-para-quem-quiser-fazer-as-provas-bras202907?email=bethdeoliveira@yahoo.com.br&amp;utm_source=newsletter&amp;utm_medium=newsletter&amp;utm_campaign=newsletter\" target=\"_blank\" rel=\"noreferrer noopener\">Brasil 61<\/a><\/p>\n","protected":false},"excerpt":{"rendered":"<p>A participa\u00e7\u00e3o no exame \u00e9 volunt\u00e1ria, gratuita e destinada a jovens e adultos que n\u00e3o<\/p>\n","protected":false},"author":2,"featured_media":7519,"comment_status":"open","ping_status":"open","sticky":false,"template":"","format":"standard","meta":{"footnotes":""},"categories":[19],"tags":[],"class_list":["post-7518","post","type-post","status-publish","format-standard","has-post-thumbnail","hentry","category-educacao"],"_links":{"self":[{"href":"https:\/\/tvc16.com\/portal\/wp-json\/wp\/v2\/posts\/7518","targetHints":{"allow":["GET"]}}],"collection":[{"href":"https:\/\/tvc16.com\/portal\/wp-json\/wp\/v2\/posts"}],"about":[{"href":"https:\/\/tvc16.com\/portal\/wp-json\/wp\/v2\/types\/post"}],"author":[{"embeddable":true,"href":"https:\/\/tvc16.com\/portal\/wp-json\/wp\/v2\/users\/2"}],"replies":[{"embeddable":true,"href":"https:\/\/tvc16.com\/portal\/wp-json\/wp\/v2\/comments?post=7518"}],"version-history":[{"count":3,"href":"https:\/\/tvc16.com\/portal\/wp-json\/wp\/v2\/posts\/7518\/revisions"}],"predecessor-version":[{"id":7522,"href":"https:\/\/tvc16.com\/portal\/wp-json\/wp\/v2\/posts\/7518\/revisions\/7522"}],"wp:featuredmedia":[{"embeddable":true,"href":"https:\/\/tvc16.com\/portal\/wp-json\/wp\/v2\/media\/7519"}],"wp:attachment":[{"href":"https:\/\/tvc16.com\/portal\/wp-json\/wp\/v2\/media?parent=7518"}],"wp:term":[{"taxonomy":"category","embeddable":true,"href":"https:\/\/tvc16.com\/portal\/wp-json\/wp\/v2\/categories?post=7518"},{"taxonomy":"post_tag","embeddable":true,"href":"https:\/\/tvc16.com\/portal\/wp-json\/wp\/v2\/tags?post=7518"}],"curies":[{"name":"wp","href":"https:\/\/api.w.org\/{rel}","templated":true}]}}